{"id":64657,"date":"2019-10-17T13:30:53","date_gmt":"2019-10-17T17:30:53","guid":{"rendered":"https:\/\/linitiative.ca\/International\/p-apc-del-madania-75-familles-de-diar-el-mahcoul-prochainement-relogees\/"},"modified":"2019-10-17T13:30:53","modified_gmt":"2019-10-17T17:30:53","slug":"p-apc-del-madania-75-familles-de-diar-el-mahcoul-prochainement-relogees","status":"publish","type":"post","link":"https:\/\/linitiative.ca\/International\/p-apc-del-madania-75-familles-de-diar-el-mahcoul-prochainement-relogees\/","title":{"rendered":"P\/APC d&rsquo;El-Madania: 75 familles de Diar El-Mah\u00e7oul prochainement relog\u00e9es"},"content":{"rendered":"<div readability=\"37\">\n<p><strong>ALGER &#8211; La pr\u00e9sidente de l&rsquo;Assembl\u00e9e populaire communale (P\/APC) d&rsquo;El-Madania, Habiba Ben Salem, a annonc\u00e9 jeudi, le relogement prochain de 75 familles vivant dans des appartements exigus compos\u00e9s d&rsquo;une seule pi\u00e8ce \u00e0 Diar El-Mah\u00e7oul.<\/strong><\/p>\n<\/div>\n<div readability=\"70.6570841889\">\n<p>En marge d&rsquo;une c\u00e9r\u00e9monie organis\u00e9e en l&rsquo;honneur des meilleurs \u00e9l\u00e8ves, \u00e0 l&rsquo;occasion du 58e anniversaire des \u00e9v\u00e9nements du 17 octobre 1961,\u00a0 Mme Ben Salem a indiqu\u00e9 que \u00ab\u00a075 familles vivant dans des appartements exigus compos\u00e9s d&rsquo;une seule pi\u00e8ce \u00e0 Diar El-Mah\u00e7oul seront relog\u00e9es dans les tout prochains jours\u00a0\u00bb, sans pr\u00e9ciser de date.<\/p>\n<p>L&rsquo;op\u00e9ration qui sera supervis\u00e9e par les services de la wilaya d&rsquo;Alger s&rsquo;inscrit dans le cadre du programme de relogement qui a attribu\u00e9 \u00e0 la commune d&rsquo;El-Madania 80 logements pour all\u00e9ger les souffrances des familles vivant \u00e0 l&rsquo;\u00e9troit, a expliqu\u00e9 l&rsquo;intervenante, estimant que les habitants de Diar El-Mah\u00e7oul qui attendent depuis longtemps leur relogement \u00ab\u00a0sont prioritaires\u00a0\u00bb.<\/p>\n<p>La responsable a fait savoir que les enqu\u00eateuses relevant des services de la commune continuaient \u00e0 superviser \u00ab\u00a0les enqu\u00eates et les constations sur le terrain\u00a0\u00bb et que, par cons\u00e9quent, la liste des b\u00e9n\u00e9ficiaires n&rsquo;\u00e9tait pas encore arr\u00eat\u00e9e de mani\u00e8re d\u00e9finitive, \u00e9cartant toutefois les noms exclus par le syst\u00e8me de tri de la wilaya.<\/p>\n<hr\/>\n<h3>Lire aussi:\u00a0<a href=\"http:\/\/www.aps.dz\/regions\/94616-25eme-operation-de-relogement-plus-de-100-familles-de-la-casbah-relogees-a-baba-ali\" target=\"_blank\" rel=\"noopener noreferrer\">25\u00e8me op\u00e9ration de relogement: plus de 100 familles de la casbah relog\u00e9es \u00e0 Baba Ali<\/a><\/h3>\n<hr\/>\n<p>Mme Ben Salem a, en outre, affirm\u00e9 que sa commune avait besoin de quotas de logements suppl\u00e9mentaires pour prendre en charge les familles qui vivent encore \u00e0 l&rsquo;\u00e9troit, sur les terrasses et dans les caves d&rsquo;immeubles et dans des bidonvilles.<\/p>\n<p>Quant au sort des logements amen\u00e9s \u00e0 \u00eatre vacants, la P\/APC d&rsquo;El-Madania a rappel\u00e9 que Diar El-Mah\u00e7oul renfermait la m\u00e9moire d&rsquo;un des quartiers les plus importants de la capitale, ancien fief de la R\u00e9volution alg\u00e9rienne, ajoutant que si les habitations qu&rsquo;il abrite \u00ab\u00a0ne sont pas class\u00e9es en zone rouge\u00a0\u00bb, il n&rsquo;en demeure pas moins qu&rsquo;elles ont subi, au fil des ans, une grande pression d\u00e9mographique.<\/p>\n<p>La cit\u00e9 Diar El-Mah\u00e7oul a \u00e9t\u00e9 construite en 1954 sur les hauteurs d&rsquo;Alger par l&rsquo;architecte Fernand Pouillon.<\/p>\n<\/div>\n<p>Auteur:<br \/>\n<a href=\"http:\/\/www.aps.dz\/regions\/95839-p-apc-d-el-madania-75-familles-de-diar-el-mahcoul-prochainement-relogees\">Cliquez ici pour lire l&rsquo;article depuis sa source.<\/a><\/p>\n","protected":false},"excerpt":{"rendered":"<p>ALGER &#8211; La pr\u00e9sidente de l&rsquo;Assembl\u00e9e populaire communale (P\/APC) d&rsquo;El-Madania, Habiba Ben Salem, a annonc\u00e9 jeudi, le relogement prochain de 75 familles vivant dans des appartements exigus compos\u00e9s d&rsquo;une seule pi\u00e8ce \u00e0 Diar El-Mah\u00e7oul. En marge d&rsquo;une c\u00e9r\u00e9monie organis\u00e9e en l&rsquo;honneur des meilleurs \u00e9l\u00e8ves, \u00e0 l&rsquo;occasion du 58e anniversaire des \u00e9v\u00e9nements du 17 octobre 1961,\u00a0 [&hellip;]<\/p>\n","protected":false},"author":1790,"featured_media":0,"comment_status":"closed","ping_status":"closed","sticky":false,"template":"","format":"standard","meta":{"fifu_image_url":"","fifu_image_alt":"","footnotes":""},"categories":[53,76],"tags":[],"class_list":["post-64657","post","type-post","status-publish","format-standard","hentry","category-algerie","category-regions"],"_links":{"self":[{"href":"https:\/\/linitiative.ca\/International\/wp-json\/wp\/v2\/posts\/64657","targetHints":{"allow":["GET"]}}],"collection":[{"href":"https:\/\/linitiative.ca\/International\/wp-json\/wp\/v2\/posts"}],"about":[{"href":"https:\/\/linitiative.ca\/International\/wp-json\/wp\/v2\/types\/post"}],"author":[{"embeddable":true,"href":"https:\/\/linitiative.ca\/International\/wp-json\/wp\/v2\/users\/1790"}],"replies":[{"embeddable":true,"href":"https:\/\/linitiative.ca\/International\/wp-json\/wp\/v2\/comments?post=64657"}],"version-history":[{"count":0,"href":"https:\/\/linitiative.ca\/International\/wp-json\/wp\/v2\/posts\/64657\/revisions"}],"wp:attachment":[{"href":"https:\/\/linitiative.ca\/International\/wp-json\/wp\/v2\/media?parent=64657"}],"wp:term":[{"taxonomy":"category","embeddable":true,"href":"https:\/\/linitiative.ca\/International\/wp-json\/wp\/v2\/categories?post=64657"},{"taxonomy":"post_tag","embeddable":true,"href":"https:\/\/linitiative.ca\/International\/wp-json\/wp\/v2\/tags?post=64657"}],"curies":[{"name":"wp","href":"https:\/\/api.w.org\/{rel}","templated":true}]}}