{"id":64658,"date":"2019-10-17T13:49:17","date_gmt":"2019-10-17T17:49:17","guid":{"rendered":"https:\/\/linitiative.ca\/International\/la-creation-et-laccompagnement-dassociations-et-de-cooperatives-aquacoles-recommandes\/"},"modified":"2019-10-17T13:49:17","modified_gmt":"2019-10-17T17:49:17","slug":"la-creation-et-laccompagnement-dassociations-et-de-cooperatives-aquacoles-recommandes","status":"publish","type":"post","link":"https:\/\/linitiative.ca\/International\/la-creation-et-laccompagnement-dassociations-et-de-cooperatives-aquacoles-recommandes\/","title":{"rendered":"La cr\u00e9ation et l\u2019accompagnement d\u2019associations et de coop\u00e9ratives aquacoles recommand\u00e9s"},"content":{"rendered":"<div readability=\"36\">\n<p><strong>ADRAR &#8211; Les participants aux festivit\u00e9s comm\u00e9moratives \u00e0 Adrar de la Journ\u00e9e mondiale de l\u2019alimentation, ax\u00e9es sur l\u2019\u00e9levage aquacole, ont plaid\u00e9 jeudi pour la cr\u00e9ation d\u2019associations et de coop\u00e9ratives sp\u00e9cialis\u00e9es dans la fili\u00e8re aquacole et leur accompagnement.<\/strong><\/p>\n<\/div>\n<div readability=\"77.6480064438\">\n<p>Ils ont \u00e9galement appel\u00e9 \u00e0 l\u2019encouragement et la formation des agriculteurs dans la pisciculture int\u00e9gr\u00e9e \u00e0 l\u2019agriculture, eu \u00e9gard \u00e0 ses divers bienfaits nutritifs et environnementaux.<\/p>\n<p>Le montage d\u2019entit\u00e9s de production des aliments de poisson de qualit\u00e9, \u00e0 travers le soutien de l\u2019investissement, la mise \u00e0 la disposition des techniciens des moyens n\u00e9cessaires pour accompagner les agriculteurs et les aquaculteurs et l\u2019encouragement des jeunes \u00e0 investir dans ce segment \u00e9conomique prometteur, ont \u00e9t\u00e9 aussi pr\u00f4n\u00e9s.<\/p>\n<p>La valorisation du partenariat avec les pays voisins ayant obtenu des r\u00e9sultats probants dans l\u2019\u00e9levage aquacole et la cr\u00e9ation d\u2019un syst\u00e8me de commercialisation des produits, ont \u00e9t\u00e9 \u00e9galement soulign\u00e9es par les participants.<\/p>\n<hr\/>\n<h3>Lire aussi:\u00a0<a href=\"http:\/\/www.aps.dz\/regions\/95774-adrar-disponibilite-des-aliments-pour-promouvoir-l-aquaculture-au-sud\" target=\"_blank\" rel=\"noopener noreferrer\">Adrar: disponibilit\u00e9 des aliments pour promouvoir l\u2019aquaculture au Sud<\/a><\/h3>\n<hr\/>\n<p>Ces derniers ont, par ailleurs, pr\u00e9conis\u00e9 l\u2019organisation d\u2019une caravane de sensibilisation en direction des jeunes, devant sillonner les wilayas du pays pour vulgariser l\u2019importance et l\u2019avenir de l\u2019aquaculture int\u00e9gr\u00e9e \u00e0 l\u2019agriculture et encourager la femme rurale \u00e0 s\u2019impliquer dans cette activit\u00e9.<\/p>\n<p>Les repr\u00e9sentants des dispositifs de soutien \u00e0 l\u2019emploi ont, pour leur part, sugg\u00e9r\u00e9 la cr\u00e9ation d\u2019une direction de la p\u00eache et de l\u2019aquaculture dans la wilaya d\u2019Adrar, en vue de faciliter les proc\u00e9dures administratives li\u00e9es au financement des projets de promoteurs d\u00e9sirant investir dans la fili\u00e8re.<\/p>\n<p>Les repr\u00e9sentants d\u2019associations ont sollicit\u00e9 l\u2019ouverture d\u2019une \u00e9cole ou d\u2019un institut de formation au niveau de la wilaya, en vue d\u2019am\u00e9liorer les connaissances techniques dans le domaine de l\u2019aquaculture, ainsi que la modernisation de cette activit\u00e9 par l\u2019\u00e9tablissement de cartes professionnelles biom\u00e9triques pour les op\u00e9rateurs, susceptibles de servir de base de donn\u00e9es \u00e0 m\u00eame de faciliter l\u2019accompagnement des professionnels.<\/p>\n<p>La seconde journ\u00e9e de cette manifestation a donn\u00e9 lieu jeudi \u00e0 l\u2019organisation, en pr\u00e9sence du directeur de la p\u00eache et de l\u2019aquaculture, de visites de certaines exploitations agricoles et de l\u2019atelier relevant de l\u2019administration p\u00e9nitentiaire, pour s\u2019enqu\u00e9rir de la situation des activit\u00e9s d\u2019int\u00e9gration de la pisciculture dans l\u2019agriculture (au niveau des bassins d\u2019irrigation) et de prendre connaissance des m\u00e9thodes d\u2019\u00e9levage, d\u2019\u00e9closion et d\u2019engraissement des poissons.<\/p>\n<\/div>\n<p>Auteur:<br \/>\n<a href=\"http:\/\/www.aps.dz\/regions\/95840-la-creation-et-l-accompagnement-d-associations-et-de-cooperatives-aquacoles-recommandes\">Cliquez ici pour lire l&rsquo;article depuis sa source.<\/a><\/p>\n","protected":false},"excerpt":{"rendered":"<p>ADRAR &#8211; Les participants aux festivit\u00e9s comm\u00e9moratives \u00e0 Adrar de la Journ\u00e9e mondiale de l\u2019alimentation, ax\u00e9es sur l\u2019\u00e9levage aquacole, ont plaid\u00e9 jeudi pour la cr\u00e9ation d\u2019associations et de coop\u00e9ratives sp\u00e9cialis\u00e9es dans la fili\u00e8re aquacole et leur accompagnement. Ils ont \u00e9galement appel\u00e9 \u00e0 l\u2019encouragement et la formation des agriculteurs dans la pisciculture int\u00e9gr\u00e9e \u00e0 l\u2019agriculture, eu [&hellip;]<\/p>\n","protected":false},"author":1790,"featured_media":0,"comment_status":"closed","ping_status":"closed","sticky":false,"template":"","format":"standard","meta":{"fifu_image_url":"","fifu_image_alt":"","footnotes":""},"categories":[53,76],"tags":[],"class_list":["post-64658","post","type-post","status-publish","format-standard","hentry","category-algerie","category-regions"],"_links":{"self":[{"href":"https:\/\/linitiative.ca\/International\/wp-json\/wp\/v2\/posts\/64658","targetHints":{"allow":["GET"]}}],"collection":[{"href":"https:\/\/linitiative.ca\/International\/wp-json\/wp\/v2\/posts"}],"about":[{"href":"https:\/\/linitiative.ca\/International\/wp-json\/wp\/v2\/types\/post"}],"author":[{"embeddable":true,"href":"https:\/\/linitiative.ca\/International\/wp-json\/wp\/v2\/users\/1790"}],"replies":[{"embeddable":true,"href":"https:\/\/linitiative.ca\/International\/wp-json\/wp\/v2\/comments?post=64658"}],"version-history":[{"count":0,"href":"https:\/\/linitiative.ca\/International\/wp-json\/wp\/v2\/posts\/64658\/revisions"}],"wp:attachment":[{"href":"https:\/\/linitiative.ca\/International\/wp-json\/wp\/v2\/media?parent=64658"}],"wp:term":[{"taxonomy":"category","embeddable":true,"href":"https:\/\/linitiative.ca\/International\/wp-json\/wp\/v2\/categories?post=64658"},{"taxonomy":"post_tag","embeddable":true,"href":"https:\/\/linitiative.ca\/International\/wp-json\/wp\/v2\/tags?post=64658"}],"curies":[{"name":"wp","href":"https:\/\/api.w.org\/{rel}","templated":true}]}}