{"id":64659,"date":"2019-10-16T15:18:44","date_gmt":"2019-10-16T19:18:44","guid":{"rendered":"https:\/\/linitiative.ca\/International\/la-giz-appuie-linfrastructure-energetique-dans-loriental\/"},"modified":"2019-10-16T15:18:44","modified_gmt":"2019-10-16T19:18:44","slug":"la-giz-appuie-linfrastructure-energetique-dans-loriental","status":"publish","type":"post","link":"https:\/\/linitiative.ca\/International\/la-giz-appuie-linfrastructure-energetique-dans-loriental\/","title":{"rendered":"La GIZ appuie l\u2019infrastructure \u00e9nerg\u00e9tique dans l\u2019Oriental"},"content":{"rendered":"<p class=\"c1\">Le projet \u00ab\u00a0Appui \u00e0 l\u2019am\u00e9lioration de l\u2019infrastructure \u00e9nerg\u00e9tique dans la r\u00e9gion de l\u2019Oriental\u00a0\u00bb (APIELO) de l\u2019Agence de Coop\u00e9ration Allemande (GIZ), a \u00e9t\u00e9 lanc\u00e9 mercredi \u00e0 Oujda en vue de promouvoir l\u2019efficacit\u00e9 \u00e9nerg\u00e9tique (EE) et les \u00e9nergies renouvelables (ER) dans la r\u00e9gion.<\/p>\n<p class=\"c1\">L\u2019atelier de lancement de ce projet, ex\u00e9cut\u00e9 en partenariat avec le minist\u00e8re de l\u2019Energie, des mines et de l\u2019environnement et financ\u00e9 par le minist\u00e8re f\u00e9d\u00e9ral allemand de la Coop\u00e9ration \u00e9conomique et du d\u00e9veloppement, s\u2019est d\u00e9roul\u00e9 en pr\u00e9sence du wali de la r\u00e9gion de l\u2019Oriental, gouverneur de la pr\u00e9fecture d\u2019Oujda-Angad, Mouad El Jamai, du vice-pr\u00e9sident du Conseil de la r\u00e9gion, Mohamed Mrabet et de plusieurs responsables, chefs de services ext\u00e9rieurs et acteurs de la soci\u00e9t\u00e9 civile.<\/p>\n<p class=\"c1\">Ce projet, qui doit s\u2019achever fin 2021 pour un budget de 4 millions d\u2019euros, a pour objectif l\u2019accompagnement des acteurs publics et priv\u00e9s pour la mise en \u0153uvre de la politique \u00e9nerg\u00e9tique du Maroc au niveau r\u00e9gional, afin de stimuler le d\u00e9veloppement du march\u00e9 local durable en ER et EE.<\/p>\n<p class=\"c1\">APIELO entend accompagner les acteurs priv\u00e9s et publics locaux vers leur nouveau r\u00f4le de porteurs de projets \u00e9nerg\u00e9tiques, stimulant ainsi le d\u00e9veloppement de ce march\u00e9 local dans l\u2019Oriental et contribuant \u00e0 la protection du climat.<\/p>\n<p class=\"c1\">La r\u00e9gion de l\u2019Oriental, la premi\u00e8re \u00e0 b\u00e9n\u00e9ficier d\u2019un projet de la GIZ dans ce domaine, est pr\u00e9d\u00e9finie pour un tel d\u00e9veloppement, gr\u00e2ce \u00e0 son fort potentiel en sources d\u2019\u00e9nergies renouvelables, telles que l\u2019\u00e9nergie solaire, hydro\u00e9lectrique et en biomasse, affirment les responsables du projet.<\/p>\n<p class=\"c1\">Intervenant lors de cet atelier, M. El Jamai a soulign\u00e9 l\u2019importance des \u00e9nergies renouvelables et de l\u2019efficacit\u00e9 \u00e9nerg\u00e9tique en vue de promouvoir le d\u00e9veloppement durable, conform\u00e9ment \u00e0 la strat\u00e9gie \u00e9nerg\u00e9tique nationale et en harmonie avec le nouveau mod\u00e8le de d\u00e9veloppement voulu pour le Royaume, conform\u00e9ment aux Hautes orientations de SM le Roi Mohammed VI.<\/p>\n<p><img class=\"wp-image-14995 aligncenter\" data-src=\"http:\/\/www.mapoujda.ma\/map\/uploads\/2019\/10\/L\u2019atelier-de-lancement-du-projet-APIELO-\u00e0-Oujda-par-la-GIZ-2-M750\u00d7430-MAP.jpg\" alt=\"\" width=\"576\" height=\"330\" srcset=\"http:\/\/www.mapoujda.ma\/map\/uploads\/2019\/10\/L\u2019atelier-de-lancement-du-projet-APIELO-\u00e0-Oujda-par-la-GIZ-2-M750\u00d7430-MAP.jpg 750w, http:\/\/www.mapoujda.ma\/map\/uploads\/2019\/10\/L\u2019atelier-de-lancement-du-projet-APIELO-\u00e0-Oujda-par-la-GIZ-2-M750\u00d7430-MAP-300x172.jpg 300w\" sizes=\"(max-width: 576px) 100vw, 576px\"\/><\/p>\n<p class=\"c1\">La strat\u00e9gie \u00e9nerg\u00e9tique nationale porte notamment sur la diversification des sources d\u2019\u00e9nergie renouvelable et la pr\u00e9servation de l\u2019environnement, a-t-il soulign\u00e9, ajoutant que le Maroc a mis en place un arsenal juridique et une batterie de mesures pour encourager l\u2019investissement dans le domaine des \u00e9nergies propres et renouvelables, en plus de renforcer le cadre institutionnel notamment par la cr\u00e9ation de l\u2019Agence marocaine de l\u2019efficacit\u00e9 \u00e9nerg\u00e9tique (AMEE), la Soci\u00e9t\u00e9 d\u2019investissement \u00e9nerg\u00e9tique (SIE) et l\u2019Agence marocaine de l\u2019\u00e9nergie solaire (MASEN).<\/p>\n<p class=\"c1\">M. El Jamai a aussi mis en exergue les projets \u00e9nerg\u00e9tiques importants r\u00e9alis\u00e9s dans la r\u00e9gion de l\u2019Oriental, parmi eux la centrale thermo-solaire d\u2019A\u00efn Beni Mathar et le centre de valorisation des d\u00e9chets d\u2019Oujda pour la production d\u2019\u00e9lectricit\u00e9, notant que cette rencontre autour du projet APIELO s\u2019inscrit dans le cadre de l\u2019accompagnement de cette strat\u00e9gie \u00e9nerg\u00e9tique r\u00e9gionale.<\/p>\n<p class=\"c1\">De son c\u00f4t\u00e9, le chef du projet APIELO, Ekkehard Lincke, a relev\u00e9 qu\u2019il s\u2019agit du premier projet de la GIZ d\u00e9ploy\u00e9 \u00e0 \u00e9chelle r\u00e9gionale, ajoutant que le premier axe d\u2019intervention de cette initiative concerne l\u2019appui-conseil aux institutions r\u00e9gionales, provinciales et locales pour qu\u2019elles traduisent sur leur territoire les orientations et objectifs strat\u00e9giques en EE et ER d\u00e9cid\u00e9s au niveau national.<\/p>\n<p class=\"c1\">Le projet \u0153uvrera aussi pour la formation et la sensibilisation des acteurs publics et priv\u00e9s aux avantages des ER et de l\u2019EE, en vue de leur permettre d\u2019acqu\u00e9rir les comp\u00e9tences n\u00e9cessaires pour les promouvoir, a-t-il pr\u00e9cis\u00e9, ajoutant qu\u2019APIELO aidera \u00e0 la concr\u00e9tisation de 10 projets \u00e9nerg\u00e9tiques durables, 5 en milieu urbain et 5 en milieu rural, afin de d\u00e9montrer la faisabilit\u00e9 technique et \u00e9conomique de ces technologies vertes.<\/p>\n<p class=\"c1\">Enfin, le projet apportera un appui au secteur priv\u00e9 (\u00e9lectriciens, installateurs, constructeurs, soci\u00e9t\u00e9s d\u2019ing\u00e9nierie, cabinets d\u2019architecture, etc) dans l\u2019\u00e9laboration, l\u2019am\u00e9lioration et la commercialisation de leurs services et produits ER\/EE, a poursuivi M. Lincke.<\/p>\n<p class=\"c1\">Pr\u00e9sente au Maroc depuis 1975, la GIZ est une entreprise appartenant \u00e0 la R\u00e9publique f\u00e9d\u00e9rale d\u2019Allemagne, active dans plus de 120 pays, avec un volume d\u2019affaire sup\u00e9rieur \u00e0 2,4 milliards d\u2019euros.<\/p>\n<p class=\"c1\">Le Maroc est un pays partenaire cl\u00e9 pour la GIZ dans cinq secteurs prioritaires : l\u2019\u00e9nergie, l\u2019eau, la gouvernance, le d\u00e9veloppement \u00e9conomique durable et l\u2019environnement, avec un portefeuille de 49 projets, mobilisant un montant de 201 millions d\u2019euros.<\/p>\n<p>Auteur: Soufiane ELAHMAR<br \/>\n<a href=\"http:\/\/www.mapoujda.ma\/fr\/la-giz-appuie-linfrastructure-energetique-dans-loriental\/\">Cliquez ici pour lire l&rsquo;article depuis sa source.<\/a><\/p>\n","protected":false},"excerpt":{"rendered":"<p>Le projet \u00ab\u00a0Appui \u00e0 l\u2019am\u00e9lioration de l\u2019infrastructure \u00e9nerg\u00e9tique dans la r\u00e9gion de l\u2019Oriental\u00a0\u00bb (APIELO) de l\u2019Agence de Coop\u00e9ration Allemande (GIZ), a \u00e9t\u00e9 lanc\u00e9 mercredi \u00e0 Oujda en vue de promouvoir l\u2019efficacit\u00e9 \u00e9nerg\u00e9tique (EE) et les \u00e9nergies renouvelables (ER) dans la r\u00e9gion. L\u2019atelier de lancement de ce projet, ex\u00e9cut\u00e9 en partenariat avec le minist\u00e8re de l\u2019Energie, [&hellip;]<\/p>\n","protected":false},"author":1788,"featured_media":64660,"comment_status":"closed","ping_status":"closed","sticky":false,"template":"","format":"standard","meta":{"fifu_image_url":"","fifu_image_alt":"","footnotes":""},"categories":[54,76],"tags":[],"class_list":["post-64659","post","type-post","status-publish","format-standard","has-post-thumbnail","hentry","category-maroc","category-regions"],"_links":{"self":[{"href":"https:\/\/linitiative.ca\/International\/wp-json\/wp\/v2\/posts\/64659","targetHints":{"allow":["GET"]}}],"collection":[{"href":"https:\/\/linitiative.ca\/International\/wp-json\/wp\/v2\/posts"}],"about":[{"href":"https:\/\/linitiative.ca\/International\/wp-json\/wp\/v2\/types\/post"}],"author":[{"embeddable":true,"href":"https:\/\/linitiative.ca\/International\/wp-json\/wp\/v2\/users\/1788"}],"replies":[{"embeddable":true,"href":"https:\/\/linitiative.ca\/International\/wp-json\/wp\/v2\/comments?post=64659"}],"version-history":[{"count":0,"href":"https:\/\/linitiative.ca\/International\/wp-json\/wp\/v2\/posts\/64659\/revisions"}],"wp:featuredmedia":[{"embeddable":true,"href":"https:\/\/linitiative.ca\/International\/wp-json\/"}],"wp:attachment":[{"href":"https:\/\/linitiative.ca\/International\/wp-json\/wp\/v2\/media?parent=64659"}],"wp:term":[{"taxonomy":"category","embeddable":true,"href":"https:\/\/linitiative.ca\/International\/wp-json\/wp\/v2\/categories?post=64659"},{"taxonomy":"post_tag","embeddable":true,"href":"https:\/\/linitiative.ca\/International\/wp-json\/wp\/v2\/tags?post=64659"}],"curies":[{"name":"wp","href":"https:\/\/api.w.org\/{rel}","templated":true}]}}