{"id":64661,"date":"2019-10-16T18:07:26","date_gmt":"2019-10-16T22:07:26","guid":{"rendered":"https:\/\/linitiative.ca\/International\/milieu-rural-plusieurs-projets-de-developpement-lances\/"},"modified":"2019-10-16T18:07:26","modified_gmt":"2019-10-16T22:07:26","slug":"milieu-rural-plusieurs-projets-de-developpement-lances","status":"publish","type":"post","link":"https:\/\/linitiative.ca\/International\/milieu-rural-plusieurs-projets-de-developpement-lances\/","title":{"rendered":"Milieu rural: Plusieurs projets de d\u00e9veloppement lanc\u00e9s"},"content":{"rendered":"<p class=\"c1\">Plusieurs projets de d\u00e9veloppement ont \u00e9t\u00e9 inaugur\u00e9s ou ont connu le lancement de leurs travaux, mardi au niveau de communes rurales relevant de la province de Jerada.<\/p>\n<p class=\"c1\">Ces projets ont \u00e9t\u00e9 inaugur\u00e9s et lanc\u00e9s par le gouverneur de la province, Mabrouk Tabet, en pr\u00e9sence du pr\u00e9sident du conseil de la province, de pr\u00e9sidents de communes territoriales de la province, du pr\u00e9sident du conseil local des oul\u00e9mas et d\u2019autres responsables et chefs de services ext\u00e9rieurs, indique un communiqu\u00e9 de la pr\u00e9fecture de la province de Jerada.<\/p>\n<p class=\"c1\">Dans le cadre du programme de r\u00e9duction des disparit\u00e9s sociales et spatiales dans le monde rural, il a \u00e9t\u00e9 proc\u00e9d\u00e9 \u00e0 l\u2019inauguration de 5 logements de service au profit des cadres m\u00e9dicaux du Centre hospitalier provincial situ\u00e9 dans la commune de La\u00e2ouinat, pour une enveloppe de 1,52 million de dirhams (MDH).<\/p>\n<p class=\"c1\">M. Tabet et la d\u00e9l\u00e9gation l\u2019accompagnant ont \u00e9galement proc\u00e9d\u00e9 au lancement des travaux de la deuxi\u00e8me tranche de la route provinciale n\u00b06023 reliant le centre d\u2019Oued El Himer \u00e0 Tiouli, qui n\u00e9cessitera un montant de 17,6 MDH. A cette occasion, un expos\u00e9 a \u00e9t\u00e9 pr\u00e9sent\u00e9 sur l\u2019\u00e9tat d\u2019avancement du programme de r\u00e9duction des disparit\u00e9s sociales et spatiales dans le monde rural.<\/p>\n<p class=\"c1\">Par la suite, il a \u00e9t\u00e9 proc\u00e9d\u00e9 au lancement des travaux d\u2019\u00e9largissement, de renforcement et de correction du trac\u00e9 de la route non num\u00e9rot\u00e9e reliant la ville de Jerada \u00e0 la route nationale n\u00b017 via la station de Ghouchi, un projet de 20,20 MDH.<\/p>\n<p class=\"c1\">De m\u00eame, la d\u00e9l\u00e9gation a proc\u00e9d\u00e9 \u00e0 l\u2019inauguration de l\u2019internat de l\u2019\u00e9cole communautaire \u00ab3 Mars\u00bb dans la commune de Lemrija, apr\u00e8s des travaux d\u2019agrandissement ayant n\u00e9cessit\u00e9 1,63 MDH.<\/p>\n<p class=\"c1\">Par ailleurs, M. Tabet a donn\u00e9 le coup d\u2019envoi, dans la commune de Lebkhata, \u00e0 la r\u00e9alisation du programme d\u2019ouverture et d\u2019am\u00e9nagement des pistes rurales dans la province de Jerada, d\u2019un co\u00fbt de 20 MDH financ\u00e9 par le Conseil de la province (15 MDH), l\u2019Agence de l\u2019Oriental (1 MDH) et les communes concern\u00e9es (4 MDH).<\/p>\n<p class=\"c1\">Ce programme vise \u00e0 contribuer au d\u00e9senclavement du monde rural, notamment les zones \u00e9loign\u00e9es et difficiles d\u2019acc\u00e8s, ainsi qu\u2019\u00e0 faciliter l\u2019acc\u00e8s des habitants aux services de proximit\u00e9 de base.<\/p>\n<p class=\"c1\">Enfin, le gouverneur de la province de Jerada et la d\u00e9l\u00e9gation l\u2019accompagnant ont effectu\u00e9 une visite au lyc\u00e9e coll\u00e9gial \u00abAl Jahid\u00bb, construit dans la commune d\u2019Ouled Ghzil pour une enveloppe de 11,4 MDH et qui a ouvert les portes pour l\u2019actuelle rentr\u00e9e scolaire. Il a \u00e9t\u00e9 financ\u00e9 par l\u2019Acad\u00e9mie de l\u2019\u00e9ducation de la formation de la r\u00e9gion de l\u2019Oriental dans le cadre de l\u2019\u00e9largissement de l\u2019offre scolaire.<\/p>\n<p>Auteur: Soufiane ELAHMAR<br \/>\n<a href=\"http:\/\/www.mapoujda.ma\/fr\/milieu-rural-plusieurs-projets-de-developpement-lances\/\">Cliquez ici pour lire l&rsquo;article depuis sa source.<\/a><\/p>\n","protected":false},"excerpt":{"rendered":"<p>Plusieurs projets de d\u00e9veloppement ont \u00e9t\u00e9 inaugur\u00e9s ou ont connu le lancement de leurs travaux, mardi au niveau de communes rurales relevant de la province de Jerada. Ces projets ont \u00e9t\u00e9 inaugur\u00e9s et lanc\u00e9s par le gouverneur de la province, Mabrouk Tabet, en pr\u00e9sence du pr\u00e9sident du conseil de la province, de pr\u00e9sidents de communes [&hellip;]<\/p>\n","protected":false},"author":1788,"featured_media":0,"comment_status":"closed","ping_status":"closed","sticky":false,"template":"","format":"standard","meta":{"fifu_image_url":"","fifu_image_alt":"","footnotes":""},"categories":[54,76],"tags":[],"class_list":["post-64661","post","type-post","status-publish","format-standard","hentry","category-maroc","category-regions"],"_links":{"self":[{"href":"https:\/\/linitiative.ca\/International\/wp-json\/wp\/v2\/posts\/64661","targetHints":{"allow":["GET"]}}],"collection":[{"href":"https:\/\/linitiative.ca\/International\/wp-json\/wp\/v2\/posts"}],"about":[{"href":"https:\/\/linitiative.ca\/International\/wp-json\/wp\/v2\/types\/post"}],"author":[{"embeddable":true,"href":"https:\/\/linitiative.ca\/International\/wp-json\/wp\/v2\/users\/1788"}],"replies":[{"embeddable":true,"href":"https:\/\/linitiative.ca\/International\/wp-json\/wp\/v2\/comments?post=64661"}],"version-history":[{"count":0,"href":"https:\/\/linitiative.ca\/International\/wp-json\/wp\/v2\/posts\/64661\/revisions"}],"wp:attachment":[{"href":"https:\/\/linitiative.ca\/International\/wp-json\/wp\/v2\/media?parent=64661"}],"wp:term":[{"taxonomy":"category","embeddable":true,"href":"https:\/\/linitiative.ca\/International\/wp-json\/wp\/v2\/categories?post=64661"},{"taxonomy":"post_tag","embeddable":true,"href":"https:\/\/linitiative.ca\/International\/wp-json\/wp\/v2\/tags?post=64661"}],"curies":[{"name":"wp","href":"https:\/\/api.w.org\/{rel}","templated":true}]}}