{"id":64663,"date":"2019-10-17T15:14:20","date_gmt":"2019-10-17T19:14:20","guid":{"rendered":"https:\/\/linitiative.ca\/International\/international-ogc-nice-youcef-atal-joueur-le-plus-rapide-de-la-ligue-1\/"},"modified":"2019-10-17T15:14:20","modified_gmt":"2019-10-17T19:14:20","slug":"international-ogc-nice-youcef-atal-joueur-le-plus-rapide-de-la-ligue-1","status":"publish","type":"post","link":"https:\/\/linitiative.ca\/International\/international-ogc-nice-youcef-atal-joueur-le-plus-rapide-de-la-ligue-1\/","title":{"rendered":"International : OGC Nice: Youcef Atal joueur le plus rapide de la Ligue 1"},"content":{"rendered":"<div readability=\"32\">\n<p>Auteur : <span class=\"time\">jeudi 17 octobre 2019 13:53<\/span><\/p>\n<\/div>\n<div id=\"post_core\" readability=\"39\">\n<p>Youcef Atal est le footballeur le plus rapide du championnat de France de Ligue 1 depuis le d\u00e9but de saison. La Ligue de football professionnel r\u00e9v\u00e8le que le milieu offensif de Nice avait \u00e9t\u00e9 flash\u00e9 \u00e0 36,6 km\/h contre l&rsquo;AS Monaco (1-3), lors de la 7e journ\u00e9e. L&rsquo;international alg\u00e9rien devance Kelvin Amian (Toulouse), Senou Coulibaly (Dijon) et Lyle Foster (Monaco). En sept matches de championnat, le joueur de 23 ans a trouv\u00e9 \u00e0 une reprise le chemin des filets rapporte Topmercato.com.<\/p>\n<p><strong>Publi\u00e9 dans :<\/strong> <span>Atal<\/span><\/p>\n<\/div>\n<p>Auteur:<br \/>\n<a href=\"http:\/\/www.lebuteur.com\/article\/detail?titre=ogc-nice-youcef-atal-joueur-le-plus-rapide-de-la-ligue-1&#038;id=92374&#038;utm_source=feedburner&#038;utm_medium=feed&#038;utm_campaign=Feed%3A+GalerieFArtciles+%28Les+derniers+articles++-+lebuteur.com%29\">Cliquez ici pour lire l&rsquo;article depuis sa source.<\/a><\/p>\n","protected":false},"excerpt":{"rendered":"<p>Auteur : jeudi 17 octobre 2019 13:53 Youcef Atal est le footballeur le plus rapide du championnat de France de Ligue 1 depuis le d\u00e9but de saison. La Ligue de football professionnel r\u00e9v\u00e8le que le milieu offensif de Nice avait \u00e9t\u00e9 flash\u00e9 \u00e0 36,6 km\/h contre l&rsquo;AS Monaco (1-3), lors de la 7e journ\u00e9e. L&rsquo;international [&hellip;]<\/p>\n","protected":false},"author":1738,"featured_media":64664,"comment_status":"closed","ping_status":"closed","sticky":false,"template":"","format":"standard","meta":{"fifu_image_url":"","fifu_image_alt":"","footnotes":""},"categories":[53,75],"tags":[],"class_list":["post-64663","post","type-post","status-publish","format-standard","has-post-thumbnail","hentry","category-algerie","category-sport"],"_links":{"self":[{"href":"https:\/\/linitiative.ca\/International\/wp-json\/wp\/v2\/posts\/64663","targetHints":{"allow":["GET"]}}],"collection":[{"href":"https:\/\/linitiative.ca\/International\/wp-json\/wp\/v2\/posts"}],"about":[{"href":"https:\/\/linitiative.ca\/International\/wp-json\/wp\/v2\/types\/post"}],"author":[{"embeddable":true,"href":"https:\/\/linitiative.ca\/International\/wp-json\/wp\/v2\/users\/1738"}],"replies":[{"embeddable":true,"href":"https:\/\/linitiative.ca\/International\/wp-json\/wp\/v2\/comments?post=64663"}],"version-history":[{"count":0,"href":"https:\/\/linitiative.ca\/International\/wp-json\/wp\/v2\/posts\/64663\/revisions"}],"wp:featuredmedia":[{"embeddable":true,"href":"https:\/\/linitiative.ca\/International\/wp-json\/"}],"wp:attachment":[{"href":"https:\/\/linitiative.ca\/International\/wp-json\/wp\/v2\/media?parent=64663"}],"wp:term":[{"taxonomy":"category","embeddable":true,"href":"https:\/\/linitiative.ca\/International\/wp-json\/wp\/v2\/categories?post=64663"},{"taxonomy":"post_tag","embeddable":true,"href":"https:\/\/linitiative.ca\/International\/wp-json\/wp\/v2\/tags?post=64663"}],"curies":[{"name":"wp","href":"https:\/\/api.w.org\/{rel}","templated":true}]}}