{"id":64665,"date":"2019-10-17T15:14:22","date_gmt":"2019-10-17T19:14:22","guid":{"rendered":"https:\/\/linitiative.ca\/International\/international-fc-barcelone-le-tacle-de-messi-sur-la-carriere-de-ronaldo\/"},"modified":"2019-10-17T15:14:22","modified_gmt":"2019-10-17T19:14:22","slug":"international-fc-barcelone-le-tacle-de-messi-sur-la-carriere-de-ronaldo","status":"publish","type":"post","link":"https:\/\/linitiative.ca\/International\/international-fc-barcelone-le-tacle-de-messi-sur-la-carriere-de-ronaldo\/","title":{"rendered":"International : FC Barcelone: le tacle de Messi sur la carri\u00e8re de Ronaldo"},"content":{"rendered":"<div readability=\"32\">\n<p>Auteur : <span class=\"time\">jeudi 17 octobre 2019 13:54<\/span><\/p>\n<\/div>\n<div id=\"post_core\" readability=\"41\">\n<p>En marge de la c\u00e9r\u00e9monie de remise de son sixi\u00e8me Soulier d&rsquo;Or, Lionel Messi a r\u00e9pondu aux d\u00e9clarations de Cristiano Ronaldo sur son d\u00e9part de la Juventus Turin. L&rsquo;attaquant portugais avait sous-entendu qu&rsquo;il avait pris un risque en quittant le Real Madrid pour la Vieille Dame. Dans des propos relay\u00e9s par la presse espagnole, la star argentine du FC Barcelone a envoy\u00e9 un petit tacle \u00e0 son grand rival. \u00ab\u00a0Tout le monde recherche l&rsquo;exp\u00e9rience qui lui convient le mieux. Je n&rsquo;ai jamais eu besoin de quitter le meilleur club du monde, Barcelone. Ici, j&rsquo;appr\u00e9cie chaque entra\u00eenement, chaque match et la ville.\u00a0\u00bb Interrog\u00e9 sur ses ambitions, Lionel Messi a indiqu\u00e9 qu&rsquo;il privil\u00e9giait le titre en Liga plut\u00f4t qu&rsquo;un sacre en Ligue des champions rapporte Topmercato.com.<\/p>\n<p><strong>Publi\u00e9 dans :<\/strong> <span>messi<\/span><\/p>\n<\/div>\n<p>Auteur:<br \/>\n<a href=\"http:\/\/www.lebuteur.com\/article\/detail?titre=fc-barcelone-le-tacle-de-messi-sur-la-carriere-de-ronaldo&#038;id=92375&#038;utm_source=feedburner&#038;utm_medium=feed&#038;utm_campaign=Feed%3A+GalerieFArtciles+%28Les+derniers+articles++-+lebuteur.com%29\">Cliquez ici pour lire l&rsquo;article depuis sa source.<\/a><\/p>\n","protected":false},"excerpt":{"rendered":"<p>Auteur : jeudi 17 octobre 2019 13:54 En marge de la c\u00e9r\u00e9monie de remise de son sixi\u00e8me Soulier d&rsquo;Or, Lionel Messi a r\u00e9pondu aux d\u00e9clarations de Cristiano Ronaldo sur son d\u00e9part de la Juventus Turin. L&rsquo;attaquant portugais avait sous-entendu qu&rsquo;il avait pris un risque en quittant le Real Madrid pour la Vieille Dame. Dans des [&hellip;]<\/p>\n","protected":false},"author":1738,"featured_media":64666,"comment_status":"closed","ping_status":"closed","sticky":false,"template":"","format":"standard","meta":{"fifu_image_url":"","fifu_image_alt":"","footnotes":""},"categories":[53,75],"tags":[],"class_list":["post-64665","post","type-post","status-publish","format-standard","has-post-thumbnail","hentry","category-algerie","category-sport"],"_links":{"self":[{"href":"https:\/\/linitiative.ca\/International\/wp-json\/wp\/v2\/posts\/64665","targetHints":{"allow":["GET"]}}],"collection":[{"href":"https:\/\/linitiative.ca\/International\/wp-json\/wp\/v2\/posts"}],"about":[{"href":"https:\/\/linitiative.ca\/International\/wp-json\/wp\/v2\/types\/post"}],"author":[{"embeddable":true,"href":"https:\/\/linitiative.ca\/International\/wp-json\/wp\/v2\/users\/1738"}],"replies":[{"embeddable":true,"href":"https:\/\/linitiative.ca\/International\/wp-json\/wp\/v2\/comments?post=64665"}],"version-history":[{"count":0,"href":"https:\/\/linitiative.ca\/International\/wp-json\/wp\/v2\/posts\/64665\/revisions"}],"wp:featuredmedia":[{"embeddable":true,"href":"https:\/\/linitiative.ca\/International\/wp-json\/"}],"wp:attachment":[{"href":"https:\/\/linitiative.ca\/International\/wp-json\/wp\/v2\/media?parent=64665"}],"wp:term":[{"taxonomy":"category","embeddable":true,"href":"https:\/\/linitiative.ca\/International\/wp-json\/wp\/v2\/categories?post=64665"},{"taxonomy":"post_tag","embeddable":true,"href":"https:\/\/linitiative.ca\/International\/wp-json\/wp\/v2\/tags?post=64665"}],"curies":[{"name":"wp","href":"https:\/\/api.w.org\/{rel}","templated":true}]}}