{"id":64667,"date":"2019-10-17T15:14:25","date_gmt":"2019-10-17T19:14:25","guid":{"rendered":"https:\/\/linitiative.ca\/International\/pros-ghoulam-veut-remporter-un-titre-avec-naples\/"},"modified":"2019-10-17T15:14:25","modified_gmt":"2019-10-17T19:14:25","slug":"pros-ghoulam-veut-remporter-un-titre-avec-naples","status":"publish","type":"post","link":"https:\/\/linitiative.ca\/International\/pros-ghoulam-veut-remporter-un-titre-avec-naples\/","title":{"rendered":"Pros : Ghoulam veut remporter un titre avec Naples"},"content":{"rendered":"<div readability=\"32\">\n<p>Auteur : <span class=\"time\">jeudi 17 octobre 2019 13:59<\/span><\/p>\n<\/div>\n<div id=\"post_core\" readability=\"41\">\n<p>Depuis quelques ann\u00e9es, Naples ne cesse de progresser. Les Azzurri se m\u00ealent \u00e0 la course au titre en Serie A, r\u00e9alisent de bons parcours en Ligue des champions mais n\u2019arrivent pas \u00e0 mettre \u00e0 profit ces performances avec un titre \u00e0 la cl\u00e9. Joueur du Napoli depuis 2014, Faouzi Ghoulam (28 ans) conna\u00eet bien le contexte autour du club du V\u00e9suve et esp\u00e8re que son \u00e9quipe remportera un troph\u00e9e pour marquer une g\u00e9n\u00e9ration: \u00abD\u00e8s le premier jour, je me suis senti napolitain. Les gens sont merveilleux. Tant de joueurs sont rest\u00e9s ici car ils ne pouvaient trouver cette atmosph\u00e8re nulle part ailleurs. Ce sont les meilleures ann\u00e9es de ma carri\u00e8re, a expliqu\u00e9 l\u2019international alg\u00e9rien au micro de la radio KissKiss relay\u00e9 par la Gazzetta dello Sport. Nous voulons gagner quelque chose. Au cours des derni\u00e8res ann\u00e9es, nous avons toujours \u00e9t\u00e9 deuxi\u00e8mes et c\u2019est quelque chose que nous n\u2019aimons pas. Nous voulons aussi faire une brillante campagne en Ligue des champions pour enflammer la place napolitaine qui en a besoin.\u00bbrapporte Foot Mercato.<\/p>\n<p><strong>Publi\u00e9 dans :<\/strong> <span>ghoulam<\/span><\/p>\n<\/div>\n<p>Auteur:<br \/>\n<a href=\"http:\/\/www.lebuteur.com\/article\/detail?titre=ghoulam-veut-remporter-un-titre-avec-naples&#038;id=92376&#038;utm_source=feedburner&#038;utm_medium=feed&#038;utm_campaign=Feed%3A+GalerieFArtciles+%28Les+derniers+articles++-+lebuteur.com%29\">Cliquez ici pour lire l&rsquo;article depuis sa source.<\/a><\/p>\n","protected":false},"excerpt":{"rendered":"<p>Auteur : jeudi 17 octobre 2019 13:59 Depuis quelques ann\u00e9es, Naples ne cesse de progresser. Les Azzurri se m\u00ealent \u00e0 la course au titre en Serie A, r\u00e9alisent de bons parcours en Ligue des champions mais n\u2019arrivent pas \u00e0 mettre \u00e0 profit ces performances avec un titre \u00e0 la cl\u00e9. Joueur du Napoli depuis 2014, [&hellip;]<\/p>\n","protected":false},"author":1738,"featured_media":64668,"comment_status":"closed","ping_status":"closed","sticky":false,"template":"","format":"standard","meta":{"fifu_image_url":"","fifu_image_alt":"","footnotes":""},"categories":[53,75],"tags":[],"class_list":["post-64667","post","type-post","status-publish","format-standard","has-post-thumbnail","hentry","category-algerie","category-sport"],"_links":{"self":[{"href":"https:\/\/linitiative.ca\/International\/wp-json\/wp\/v2\/posts\/64667","targetHints":{"allow":["GET"]}}],"collection":[{"href":"https:\/\/linitiative.ca\/International\/wp-json\/wp\/v2\/posts"}],"about":[{"href":"https:\/\/linitiative.ca\/International\/wp-json\/wp\/v2\/types\/post"}],"author":[{"embeddable":true,"href":"https:\/\/linitiative.ca\/International\/wp-json\/wp\/v2\/users\/1738"}],"replies":[{"embeddable":true,"href":"https:\/\/linitiative.ca\/International\/wp-json\/wp\/v2\/comments?post=64667"}],"version-history":[{"count":0,"href":"https:\/\/linitiative.ca\/International\/wp-json\/wp\/v2\/posts\/64667\/revisions"}],"wp:featuredmedia":[{"embeddable":true,"href":"https:\/\/linitiative.ca\/International\/wp-json\/"}],"wp:attachment":[{"href":"https:\/\/linitiative.ca\/International\/wp-json\/wp\/v2\/media?parent=64667"}],"wp:term":[{"taxonomy":"category","embeddable":true,"href":"https:\/\/linitiative.ca\/International\/wp-json\/wp\/v2\/categories?post=64667"},{"taxonomy":"post_tag","embeddable":true,"href":"https:\/\/linitiative.ca\/International\/wp-json\/wp\/v2\/tags?post=64667"}],"curies":[{"name":"wp","href":"https:\/\/api.w.org\/{rel}","templated":true}]}}