{"id":64669,"date":"2019-10-17T15:14:26","date_gmt":"2019-10-17T19:14:26","guid":{"rendered":"https:\/\/linitiative.ca\/International\/pros-montpellier-delort-contraint-de-declarer-forfait\/"},"modified":"2019-10-17T15:14:26","modified_gmt":"2019-10-17T19:14:26","slug":"pros-montpellier-delort-contraint-de-declarer-forfait","status":"publish","type":"post","link":"https:\/\/linitiative.ca\/International\/pros-montpellier-delort-contraint-de-declarer-forfait\/","title":{"rendered":"Pros : Montpellier : Delort contraint de d\u00e9clarer forfait"},"content":{"rendered":"<div readability=\"32\">\n<p>Auteur : <span class=\"time\">jeudi 17 octobre 2019 14:04<\/span><\/p>\n<\/div>\n<div id=\"post_core\" readability=\"39\">\n<p>L\u2019international alg\u00e9rien, bless\u00e9 aux adducteurs avant la tr\u00eave internationale, n\u2019a pas encore repris l\u2019entra\u00eenement avec ses co\u00e9quipiers. T\u00e9ji Savanier, indisponible depuis le d\u00e9but de la saison, est enfin \u00ab\u00a0apte\u00a0\u00bb, selon son entra\u00eeneur.<\/p>\n<p><strong>Publi\u00e9 dans :<\/strong> <span>Delort<\/span><\/p>\n<\/div>\n<p>Auteur:<br \/>\n<a href=\"http:\/\/www.lebuteur.com\/article\/detail?titre=montpellier-delort-contraint-de-declarer-forfait&#038;id=92377&#038;utm_source=feedburner&#038;utm_medium=feed&#038;utm_campaign=Feed%3A+GalerieFArtciles+%28Les+derniers+articles++-+lebuteur.com%29\">Cliquez ici pour lire l&rsquo;article depuis sa source.<\/a><\/p>\n","protected":false},"excerpt":{"rendered":"<p>Auteur : jeudi 17 octobre 2019 14:04 L\u2019international alg\u00e9rien, bless\u00e9 aux adducteurs avant la tr\u00eave internationale, n\u2019a pas encore repris l\u2019entra\u00eenement avec ses co\u00e9quipiers. T\u00e9ji Savanier, indisponible depuis le d\u00e9but de la saison, est enfin \u00ab\u00a0apte\u00a0\u00bb, selon son entra\u00eeneur. Publi\u00e9 dans : Delort Auteur: Cliquez ici pour lire l&rsquo;article depuis sa source.<\/p>\n","protected":false},"author":1738,"featured_media":64670,"comment_status":"closed","ping_status":"closed","sticky":false,"template":"","format":"standard","meta":{"fifu_image_url":"","fifu_image_alt":"","footnotes":""},"categories":[53,75],"tags":[],"class_list":["post-64669","post","type-post","status-publish","format-standard","has-post-thumbnail","hentry","category-algerie","category-sport"],"_links":{"self":[{"href":"https:\/\/linitiative.ca\/International\/wp-json\/wp\/v2\/posts\/64669","targetHints":{"allow":["GET"]}}],"collection":[{"href":"https:\/\/linitiative.ca\/International\/wp-json\/wp\/v2\/posts"}],"about":[{"href":"https:\/\/linitiative.ca\/International\/wp-json\/wp\/v2\/types\/post"}],"author":[{"embeddable":true,"href":"https:\/\/linitiative.ca\/International\/wp-json\/wp\/v2\/users\/1738"}],"replies":[{"embeddable":true,"href":"https:\/\/linitiative.ca\/International\/wp-json\/wp\/v2\/comments?post=64669"}],"version-history":[{"count":0,"href":"https:\/\/linitiative.ca\/International\/wp-json\/wp\/v2\/posts\/64669\/revisions"}],"wp:featuredmedia":[{"embeddable":true,"href":"https:\/\/linitiative.ca\/International\/wp-json\/"}],"wp:attachment":[{"href":"https:\/\/linitiative.ca\/International\/wp-json\/wp\/v2\/media?parent=64669"}],"wp:term":[{"taxonomy":"category","embeddable":true,"href":"https:\/\/linitiative.ca\/International\/wp-json\/wp\/v2\/categories?post=64669"},{"taxonomy":"post_tag","embeddable":true,"href":"https:\/\/linitiative.ca\/International\/wp-json\/wp\/v2\/tags?post=64669"}],"curies":[{"name":"wp","href":"https:\/\/api.w.org\/{rel}","templated":true}]}}