{"id":64679,"date":"2019-10-17T12:13:05","date_gmt":"2019-10-17T16:13:05","guid":{"rendered":"https:\/\/linitiative.ca\/International\/95827-grand-prix-chantal-biya-azzedine-lagab-vainqueur-de-la-1ere-etape\/"},"modified":"2019-10-17T12:13:05","modified_gmt":"2019-10-17T16:13:05","slug":"95827-grand-prix-chantal-biya-azzedine-lagab-vainqueur-de-la-1ere-etape","status":"publish","type":"post","link":"https:\/\/linitiative.ca\/International\/95827-grand-prix-chantal-biya-azzedine-lagab-vainqueur-de-la-1ere-etape\/","title":{"rendered":"Grand Prix Chantal-Biya: Azzedine Lagab vainqueur de la 1\u00e8re \u00e9tape"},"content":{"rendered":"<div readability=\"35\">\n<p><strong>ABONG MBANG (Cameroun) &#8211; L&rsquo;Alg\u00e9rien Azzedine Lagab a remport\u00e9 la premi\u00e8re \u00e9tape de la 19e \u00e9dition du Grand Prix cycliste \u00ab\u00a0Chantal-Biya\u00a0\u00bb, courue jeudi entre Bertoua et Abong-Mbang sur une distance de 109.6 km.<\/strong><\/p>\n<\/div>\n<div readability=\"65.3420805998\">\n<p>Le coureur alg\u00e9rien qui a endoss\u00e9 \u00e0 l&rsquo;occasion le maillot jaune de leader a franchi la ligne d&rsquo;arriv\u00e9e avec le temps de 2h28.32, devan\u00e7ant son co\u00e9quipier Hamza Yacine (2h28.40) et le N\u00e9erlandais Florian Smits (2h28.40).<\/p>\n<p>Vendredi, les coureurs disputeront la deuxi\u00e8me \u00e9tape, sur une distance de 150,6 kilom\u00e8tres, entre Yaound\u00e9 et Ebolwa.<\/p>\n<hr\/>\n<h3>Lire aussi:\u00a0<a href=\"http:\/\/www.aps.dz\/sport\/95719-tour-chantal-biya-l-algerie-presente-avec-cinq-athletes-au-cameroun\" target=\"_blank\" rel=\"noopener noreferrer\">Tour Chantal-Biya: l&rsquo;Alg\u00e9rie pr\u00e9sente avec cinq athl\u00e8tes au Cameroun<\/a><\/h3>\n<hr\/>\n<p>Quatre \u00e9tapes, sur une distance globale de 552 kilom\u00e8tres, sont inscrites au programme du Tour Chantal-Biya, pr\u00e9vu du 17 au 20 octobre 2019 au Cameroun, avec la participation de cinq cyclistes alg\u00e9riens.<\/p>\n<p>Il s&rsquo;agit d&rsquo;Azzedine Lagab, Abderrahmane Mansouri, Nassim Sa\u00efdi, Hamza Yacine et Oussama Chebaloui, sous la conduite de l&rsquo;entra\u00eeneur Ch\u00e9rif Merabet.<\/p>\n<p>La troisi\u00e8me \u00e9tape, qui aura lieu samedi, se d\u00e9roulera sur une distance de 116,4 kilom\u00e8tres, entre Zo\u00e9t\u00e9l\u00e9 et Meyomessala, alors que la quatri\u00e8me et derni\u00e8re \u00e9tape, pr\u00e9vue dimanche, se d\u00e9roulera sur une distance de 166,4 kilom\u00e8tres, entre Sangm\u00e9lima et Douala.<\/p>\n<\/div>\n<p>Auteur:<br \/>\n<a href=\"http:\/\/www.aps.dz\/sport\/95827-grand-prix-chantal-biya-azzedine-lagab-vainqueur-de-la-1ere-etape?utm_source=feedburner&#038;utm_medium=feed&#038;utm_campaign=Feed%3A+aps-sport+%28APS+-+SPORT%29\">Cliquez ici pour lire l&rsquo;article depuis sa source.<\/a><\/p>\n","protected":false},"excerpt":{"rendered":"<p>ABONG MBANG (Cameroun) &#8211; L&rsquo;Alg\u00e9rien Azzedine Lagab a remport\u00e9 la premi\u00e8re \u00e9tape de la 19e \u00e9dition du Grand Prix cycliste \u00ab\u00a0Chantal-Biya\u00a0\u00bb, courue jeudi entre Bertoua et Abong-Mbang sur une distance de 109.6 km. Le coureur alg\u00e9rien qui a endoss\u00e9 \u00e0 l&rsquo;occasion le maillot jaune de leader a franchi la ligne d&rsquo;arriv\u00e9e avec le temps de [&hellip;]<\/p>\n","protected":false},"author":1790,"featured_media":0,"comment_status":"closed","ping_status":"closed","sticky":false,"template":"","format":"standard","meta":{"fifu_image_url":"","fifu_image_alt":"","footnotes":""},"categories":[53,75],"tags":[],"class_list":["post-64679","post","type-post","status-publish","format-standard","hentry","category-algerie","category-sport"],"_links":{"self":[{"href":"https:\/\/linitiative.ca\/International\/wp-json\/wp\/v2\/posts\/64679","targetHints":{"allow":["GET"]}}],"collection":[{"href":"https:\/\/linitiative.ca\/International\/wp-json\/wp\/v2\/posts"}],"about":[{"href":"https:\/\/linitiative.ca\/International\/wp-json\/wp\/v2\/types\/post"}],"author":[{"embeddable":true,"href":"https:\/\/linitiative.ca\/International\/wp-json\/wp\/v2\/users\/1790"}],"replies":[{"embeddable":true,"href":"https:\/\/linitiative.ca\/International\/wp-json\/wp\/v2\/comments?post=64679"}],"version-history":[{"count":0,"href":"https:\/\/linitiative.ca\/International\/wp-json\/wp\/v2\/posts\/64679\/revisions"}],"wp:attachment":[{"href":"https:\/\/linitiative.ca\/International\/wp-json\/wp\/v2\/media?parent=64679"}],"wp:term":[{"taxonomy":"category","embeddable":true,"href":"https:\/\/linitiative.ca\/International\/wp-json\/wp\/v2\/categories?post=64679"},{"taxonomy":"post_tag","embeddable":true,"href":"https:\/\/linitiative.ca\/International\/wp-json\/wp\/v2\/tags?post=64679"}],"curies":[{"name":"wp","href":"https:\/\/api.w.org\/{rel}","templated":true}]}}