{"id":64680,"date":"2019-10-16T15:56:00","date_gmt":"2019-10-16T19:56:00","guid":{"rendered":"https:\/\/linitiative.ca\/International\/lhopital-de-mosta-le-nouveau-cimetiere\/"},"modified":"2019-10-16T15:56:00","modified_gmt":"2019-10-16T19:56:00","slug":"lhopital-de-mosta-le-nouveau-cimetiere","status":"publish","type":"post","link":"https:\/\/linitiative.ca\/International\/lhopital-de-mosta-le-nouveau-cimetiere\/","title":{"rendered":"L\u2019h\u00f4pital de Mosta,  le nouveau cimeti\u00e8re !"},"content":{"rendered":"<p><br id=\"sep_para_1\" class=\"sep_para access\"\/><\/p>\n<div id=\"para_1\" class=\"para_33532104 resize\">\n<div class=\"photo shadow left\"><img decoding=\"async\" class=\"responsive c9\" src=\"https:\/\/www.reflexiondz.net\/photo\/art\/grande\/38386268-33532104.jpg?v=1571256798\" alt=\"L\u2019h\u00f4pital de Mosta, le nouveau cimeti\u00e8re !\" title=\"L\u2019h\u00f4pital de Mosta, le nouveau cimeti\u00e8re !\"\/><img decoding=\"async\" class=\"not-responsive\" src=\"https:\/\/www.reflexiondz.net\/photo\/art\/default\/38386268-33532104.jpg?v=1571256799\" alt=\"L\u2019h\u00f4pital de Mosta, le nouveau cimeti\u00e8re !\" title=\"L\u2019h\u00f4pital de Mosta, le nouveau cimeti\u00e8re !\"\/><\/div>\n<div class=\"texte access firstletter\">L\u2019ami d\u2019Oran de Moul Firma, avant de quitter Mostaganem, avait demand\u00e9 d\u2019\u00eatre conduit au cimeti\u00e8re pour se recueillir sur la tombe de l\u2019un de ses proches enterr\u00e9 \u00e0 Mostaganem. Ce dernier qui vient pour la premi\u00e8re fois \u00e0 Mostaganem, ne connaissant pas l\u2019endroit du cimeti\u00e8re, a \u00e9t\u00e9 accompagn\u00e9 par Moul Firma. Empruntant le p\u00e9riph\u00e9rique, traversant \u00e0 bord de sa Mazda, la zone \u2018\u2019Tahrat \u2018\u2019 o\u00f9 sont construites les belles villas, les salles de f\u00eates et grossistes de mat\u00e9riaux de construction, Moul Firma, pointe du doigt ce site, rappelant \u00e0 son ami, que ces b\u00e2tisses qui<br \/>bordent la route, sont construites sur un terrain d\u2019utilit\u00e9 publique. Son propri\u00e9taire a \u00e9t\u00e9\u00a0 indemnis\u00e9 par l\u2019Etat sur les 35 m2 (servitude routi\u00e8re) d\u2019une superficie de 6000m2 sur les 38000m2 de la superficie globale, mais avec la complicit\u00e9 de certains \u00e9lus et anciens responsables , il a modifi\u00e9 le permis de lotir du terrain et a revendu les 6000m2, alors voici le r\u00e9sultat : les constructions sont \u00e0 moins de deux m\u00e8tres de la route ce qui est contraire \u00e0 la s\u00e9curit\u00e9 routi\u00e8re qui pr\u00e9voit, une ceinture de pas moins de 35 m2 , explique Moul Firma , ajoutant, c\u2019est un dossier chaud , j&rsquo;y reviendrais plus tard avec plus de d\u00e9tails, pour le moment allons au cimeti\u00e8re. Arriv\u00e9 \u00e0 hauteur de l\u2019intersection de la route menant vers Kharrouba, Moul Firma tourne \u00e0 gauche et prend la route menant vers les urgences de l\u2019h\u00f4pital de Mostaganem. Ce n\u2019est pas le cimeti\u00e8re !, crie son ami, ou m\u2019emm\u00e8ne-tu ? Moul Firma, en souriant lui dit : pour les mostaganemois, le cimeti\u00e8re, c\u2019est l\u2019h\u00f4pital de Mostaganem, et particuli\u00e8rement les urgences, tous ceux qui entrent sur leurs pieds, en sortent les pieds devant !, par contre le cimeti\u00e8re est pour eux, un lieu de repos ! Lui r\u00e9pond Moul Firma, en invitant son ami \u00e0 visiter, le cimeti\u00e8re des urgences de Kharrouba pour mieux comprendre pourquoi on l\u2019a nomm\u00e9 ainsi.<br \/>Faisant tous les deux un tour \u00e0 l\u2019int\u00e9rieur de l\u2019\u00e9tablissement, les images choquantes d\u00e9filent devant eux : des portes et des fen\u00eatres d\u00e9t\u00e9rior\u00e9es, des traces de sang dans les toilettes, des couloirs scandalis\u00e9s par l\u2019\u00e9tat d\u2019insalubrit\u00e9, des va-et-vient incessants dans les chambres des malades. Comment les patients souffrant de maladies doivent \u00eatre pris en charge dans un milieu compl\u00e8tement non aseptis\u00e9, mart\u00e8le l\u2019ami de Moul Firma, s\u2019interrogeant encore, m\u00eame si la comp\u00e9tence des m\u00e9decins n\u2019est pas \u00e0 remettre en cause, il y a un vrai probl\u00e8me de gestion de ces structures. C\u2019est inadmissible ! C\u2019est pourquoi des patients finissent leurs jours dans cet endroit. Questionnant une femme de m\u00e9nage sur la pr\u00e9sence de ces restes si nuisibles, expos\u00e9s \u00e0 l\u2019air libre, la bonne dame r\u00e9v\u00e8le encore que l\u2019incin\u00e9rateur ne fonctionne plus et que ces derniers ne sont pas brul\u00e9s. Les deux amis, font quelques pas vers les salles des urgences, et voil\u00e0 encore le vrai visage de la sant\u00e9 \u00e0 Mostaganem : des patients dans l\u2019attente de lits \u2018\u2019vides\u2019\u2019 ! , un autre parent d\u2019un malade qui attend en voiture, son admission, l\u2019infirmier nous dit : d\u00e9sormais, tous les lits sont occup\u00e9s, il n\u2019y a pas de place libre pour prendre en charge tout ce beau monde. Des malades entass\u00e9s un peu partout, jonchant le sol, \u00e0 premi\u00e8re vue on dirait qu\u2019on est \u00e0 \u2018\u2019Gaza\u2019\u2019 ou en pleine guerre, un incroyable malaise qui r\u00e8gne dans les urgences. Inqui\u00e9tant ? Moul Firma voyant son ami convaincu de la maladie de la sant\u00e9 de Mostaganem, l\u2019 informe que ce secteur n\u2019a pas \u00e9chapp\u00e9 aux businessmans, esp\u00e9rant que le nouveau DSP, d\u00e9racine les mafias de la sant\u00e9 , en commen\u00e7ant par nettoyer son cabinet, et ouvrir des enqu\u00eates sur le mode de recrutement, du favoritisme et Benamis qui sont le r\u00e9sultat de ce malaise, et r\u00e9cup\u00e9rer les biens immobiliers du secteur de la sant\u00e9 qui ont \u00e9t\u00e9 d\u00e9tourn\u00e9s , \u00e0 commencer par le si\u00e8ge de l\u2019ancienne m\u00e9decine de travail ( compos\u00e9 de 8 pi\u00e8ces , en plein centre-ville ) occup\u00e9 par un cadre de la sant\u00e9\u2026\u00a0\u00a0 \u00a0<\/div>\n<\/div>\n<p>Auteur: R\u00e9flexion<br \/>\n<a href=\"https:\/\/www.reflexiondz.net\/L-hopital-de-Mosta-le-nouveau-cimetiere-_a58266.html\">Cliquez ici pour lire l&rsquo;article depuis sa source.<\/a><\/p>\n","protected":false},"excerpt":{"rendered":"<p>L\u2019ami d\u2019Oran de Moul Firma, avant de quitter Mostaganem, avait demand\u00e9 d\u2019\u00eatre conduit au cimeti\u00e8re pour se recueillir sur la tombe de l\u2019un de ses proches enterr\u00e9 \u00e0 Mostaganem. Ce dernier qui vient pour la premi\u00e8re fois \u00e0 Mostaganem, ne connaissant pas l\u2019endroit du cimeti\u00e8re, a \u00e9t\u00e9 accompagn\u00e9 par Moul Firma. Empruntant le p\u00e9riph\u00e9rique, traversant [&hellip;]<\/p>\n","protected":false},"author":1740,"featured_media":0,"comment_status":"closed","ping_status":"closed","sticky":false,"template":"","format":"standard","meta":{"fifu_image_url":"","fifu_image_alt":"","footnotes":""},"categories":[53,76],"tags":[],"class_list":["post-64680","post","type-post","status-publish","format-standard","hentry","category-algerie","category-regions"],"_links":{"self":[{"href":"https:\/\/linitiative.ca\/International\/wp-json\/wp\/v2\/posts\/64680","targetHints":{"allow":["GET"]}}],"collection":[{"href":"https:\/\/linitiative.ca\/International\/wp-json\/wp\/v2\/posts"}],"about":[{"href":"https:\/\/linitiative.ca\/International\/wp-json\/wp\/v2\/types\/post"}],"author":[{"embeddable":true,"href":"https:\/\/linitiative.ca\/International\/wp-json\/wp\/v2\/users\/1740"}],"replies":[{"embeddable":true,"href":"https:\/\/linitiative.ca\/International\/wp-json\/wp\/v2\/comments?post=64680"}],"version-history":[{"count":0,"href":"https:\/\/linitiative.ca\/International\/wp-json\/wp\/v2\/posts\/64680\/revisions"}],"wp:attachment":[{"href":"https:\/\/linitiative.ca\/International\/wp-json\/wp\/v2\/media?parent=64680"}],"wp:term":[{"taxonomy":"category","embeddable":true,"href":"https:\/\/linitiative.ca\/International\/wp-json\/wp\/v2\/categories?post=64680"},{"taxonomy":"post_tag","embeddable":true,"href":"https:\/\/linitiative.ca\/International\/wp-json\/wp\/v2\/tags?post=64680"}],"curies":[{"name":"wp","href":"https:\/\/api.w.org\/{rel}","templated":true}]}}