{"id":64687,"date":"2019-10-17T10:58:53","date_gmt":"2019-10-17T14:58:53","guid":{"rendered":"https:\/\/linitiative.ca\/International\/mascara-sept-manifestants-interpelles-par-la-police-a-mamounia\/"},"modified":"2019-10-17T10:58:53","modified_gmt":"2019-10-17T14:58:53","slug":"mascara-sept-manifestants-interpelles-par-la-police-a-mamounia","status":"publish","type":"post","link":"https:\/\/linitiative.ca\/International\/mascara-sept-manifestants-interpelles-par-la-police-a-mamounia\/","title":{"rendered":"Mascara : Sept manifestants interpell\u00e9s par la police \u00e0 Mamounia"},"content":{"rendered":"<h4 class=\"title-14\"\/>\n<div class=\"featured_image\"><img width=\"720\" height=\"1280\" data-cfsrc=\"https:\/\/www.elwatan.com\/wp-content\/uploads\/2019\/10\/received_607653543101351.png\" class=\"attachment-post-thumbnail size-post-thumbnail wp-post-image c2\" alt=\"\" srcset=\"https:\/\/www.elwatan.com\/wp-content\/uploads\/2019\/10\/received_607653543101351.png 720w, https:\/\/www.elwatan.com\/wp-content\/uploads\/2019\/10\/received_607653543101351-169x300.png 169w, https:\/\/www.elwatan.com\/wp-content\/uploads\/2019\/10\/received_607653543101351-576x1024.png 576w\" sizes=\"(max-width: 720px) 100vw, 720px\"\/><noscript><\/p>\n<p><img loading=\"lazy\" decoding=\"async\" width=\"720\" height=\"1280\" src=\"https:\/\/www.elwatan.com\/wp-content\/uploads\/2019\/10\/received_607653543101351.png\" class=\"attachment-post-thumbnail size-post-thumbnail wp-post-image\" alt=\"\" srcset=\"https:\/\/www.elwatan.com\/wp-content\/uploads\/2019\/10\/received_607653543101351.png 720w, https:\/\/www.elwatan.com\/wp-content\/uploads\/2019\/10\/received_607653543101351-169x300.png 169w, https:\/\/www.elwatan.com\/wp-content\/uploads\/2019\/10\/received_607653543101351-576x1024.png 576w\" sizes=\"auto, (max-width: 720px) 100vw, 720px\"\/><\/p>\n<p><\/noscript><\/div>\n<p class=\"c9\">Au moins sept citoyens de la commune de Mamounia, \u00e0 2 km de Mascara, ont \u00e9t\u00e9 interpell\u00e9s et embarqu\u00e9s dans deux fourgons de la police, dans la matin\u00e9e de ce jeudi 17 octobre, en marge d\u2019une manifestation d\u00e9non\u00e7ant le refus du wali, Derfouf Hadjri, d\u2019entendre leurs dol\u00e9ances lors de son d\u00e9placement dans la r\u00e9gion pour c\u00e9l\u00e9brer la Journ\u00e9e nationale de l\u2019immigration.<\/p>\n<p class=\"c9\">Pour exprimer leur col\u00e8re de ce qui a \u00e9t\u00e9 qualifi\u00e9 de \u00ab\u00a0m\u00e9pris\u00a0\u00bb, de nombreux citoyens, en majorit\u00e9 des jeunes, ont bloqu\u00e9 la circulation au niveau du rond-point de Mamounia \u00e0 l\u2019aide de troncs d\u2019arbres et de pierres.<br \/>Des policiers en uniforme, a-t-on constat\u00e9 sur place, ont us\u00e9 de leurs matraques pour disperser les manifestants et d\u2019interpeller sept d\u2019entre eux.<br \/>Au commissariat central de Mascara les jeunes interpell\u00e9s ont \u00e9t\u00e9, selon l\u2019un d\u2019entre eux, auditionn\u00e9s sur proc\u00e8s-verbaux, avant de faire l\u2019objet de pr\u00e9l\u00e8vements d\u2019empreintes et de prise de photo avant d\u2019\u00eatre rel\u00e2ch\u00e9s vers 14h30.<\/p>\n<p><span class=\"post-views-label\">Post Views:<\/span> <span class=\"post-views-count\">689<\/span><\/p>\n<p><br class=\"c5\"\/><\/p>\n<p>Auteur: Farouk Djouadi<br \/>\n<a href=\"https:\/\/www.elwatan.com\/edition\/actualite\/mascara-sept-manifestants-interpelles-par-la-police-a-mamounia-17-10-2019\">Cliquez ici pour lire l&rsquo;article depuis sa source.<\/a><\/p>\n","protected":false},"excerpt":{"rendered":"<p>Au moins sept citoyens de la commune de Mamounia, \u00e0 2 km de Mascara, ont \u00e9t\u00e9 interpell\u00e9s et embarqu\u00e9s dans deux fourgons de la police, dans la matin\u00e9e de ce jeudi 17 octobre, en marge d\u2019une manifestation d\u00e9non\u00e7ant le refus du wali, Derfouf Hadjri, d\u2019entendre leurs dol\u00e9ances lors de son d\u00e9placement dans la r\u00e9gion pour [&hellip;]<\/p>\n","protected":false},"author":1743,"featured_media":64688,"comment_status":"closed","ping_status":"closed","sticky":false,"template":"","format":"standard","meta":{"fifu_image_url":"","fifu_image_alt":"","footnotes":""},"categories":[73,53],"tags":[],"class_list":["post-64687","post","type-post","status-publish","format-standard","has-post-thumbnail","hentry","category-actualite","category-algerie"],"_links":{"self":[{"href":"https:\/\/linitiative.ca\/International\/wp-json\/wp\/v2\/posts\/64687","targetHints":{"allow":["GET"]}}],"collection":[{"href":"https:\/\/linitiative.ca\/International\/wp-json\/wp\/v2\/posts"}],"about":[{"href":"https:\/\/linitiative.ca\/International\/wp-json\/wp\/v2\/types\/post"}],"author":[{"embeddable":true,"href":"https:\/\/linitiative.ca\/International\/wp-json\/wp\/v2\/users\/1743"}],"replies":[{"embeddable":true,"href":"https:\/\/linitiative.ca\/International\/wp-json\/wp\/v2\/comments?post=64687"}],"version-history":[{"count":0,"href":"https:\/\/linitiative.ca\/International\/wp-json\/wp\/v2\/posts\/64687\/revisions"}],"wp:featuredmedia":[{"embeddable":true,"href":"https:\/\/linitiative.ca\/International\/wp-json\/"}],"wp:attachment":[{"href":"https:\/\/linitiative.ca\/International\/wp-json\/wp\/v2\/media?parent=64687"}],"wp:term":[{"taxonomy":"category","embeddable":true,"href":"https:\/\/linitiative.ca\/International\/wp-json\/wp\/v2\/categories?post=64687"},{"taxonomy":"post_tag","embeddable":true,"href":"https:\/\/linitiative.ca\/International\/wp-json\/wp\/v2\/tags?post=64687"}],"curies":[{"name":"wp","href":"https:\/\/api.w.org\/{rel}","templated":true}]}}