{"id":64689,"date":"2019-10-17T11:49:22","date_gmt":"2019-10-17T15:49:22","guid":{"rendered":"https:\/\/linitiative.ca\/International\/soufiane-djilali-parmi-les-7-laureats-du-prix-pomed-pour-la-democratie\/"},"modified":"2019-10-17T11:49:22","modified_gmt":"2019-10-17T15:49:22","slug":"soufiane-djilali-parmi-les-7-laureats-du-prix-pomed-pour-la-democratie","status":"publish","type":"post","link":"https:\/\/linitiative.ca\/International\/soufiane-djilali-parmi-les-7-laureats-du-prix-pomed-pour-la-democratie\/","title":{"rendered":"Soufiane Djilali parmi les 7 laur\u00e9ats du prix Pomed pour la d\u00e9mocratie"},"content":{"rendered":"<h4 class=\"title-14\"\/>\n<div class=\"featured_image\"><img width=\"1253\" height=\"573\" data-cfsrc=\"https:\/\/www.elwatan.com\/wp-content\/uploads\/2019\/10\/pomed-photo.jpg\" class=\"attachment-post-thumbnail size-post-thumbnail wp-post-image c2\" alt=\"\" srcset=\"https:\/\/www.elwatan.com\/wp-content\/uploads\/2019\/10\/pomed-photo.jpg 1253w, https:\/\/www.elwatan.com\/wp-content\/uploads\/2019\/10\/pomed-photo-300x137.jpg 300w, https:\/\/www.elwatan.com\/wp-content\/uploads\/2019\/10\/pomed-photo-768x351.jpg 768w, https:\/\/www.elwatan.com\/wp-content\/uploads\/2019\/10\/pomed-photo-1024x468.jpg 1024w\" sizes=\"(max-width: 1253px) 100vw, 1253px\"\/><noscript><\/p>\n<p><img loading=\"lazy\" decoding=\"async\" width=\"1253\" height=\"573\" src=\"https:\/\/www.elwatan.com\/wp-content\/uploads\/2019\/10\/pomed-photo.jpg\" class=\"attachment-post-thumbnail size-post-thumbnail wp-post-image\" alt=\"\" srcset=\"https:\/\/www.elwatan.com\/wp-content\/uploads\/2019\/10\/pomed-photo.jpg 1253w, https:\/\/www.elwatan.com\/wp-content\/uploads\/2019\/10\/pomed-photo-300x137.jpg 300w, https:\/\/www.elwatan.com\/wp-content\/uploads\/2019\/10\/pomed-photo-768x351.jpg 768w, https:\/\/www.elwatan.com\/wp-content\/uploads\/2019\/10\/pomed-photo-1024x468.jpg 1024w\" sizes=\"auto, (max-width: 1253px) 100vw, 1253px\"\/><\/p>\n<p><\/noscript> <span class=\"featured-image-caption\">Les laur\u00e9ats du prix Pomed ( projet pour la d\u00e9mocratie au Moyen orient) 2019.<\/span><\/div>\n<p>L\u2019ONG Pomed (Projet pour la d\u00e9mocratie au Moyen orient) a d\u00e9cern\u00e9, hier mercredi \u00e0 Washington, son prix international \u00ab\u00a0Leaders de la d\u00e9mocratie\u00a0\u00bb \u00e0 sept personnalit\u00e9s, dont le pr\u00e9sident du parti Jil Djadid, Soufiane Djilali.<\/p>\n<p>\u00ab\u00a0Monsieur Soufiane Djilali, vient de recevoir un prix international pour son engagement politique et son travail en faveur de la citoyennet\u00e9 en Alg\u00e9rie. En compagnie de six autres laur\u00e9ats de plusieurs pays, il a assist\u00e9 \u00e0 la c\u00e9r\u00e9monie officielle de remise des prix \u00e0 Washington, sous l\u2019\u00e9gide de l\u2019organisation ind\u00e9pendante, POMED, ce mercredi 16 Octobre\u00a0\u00bb, a annonc\u00e9 Jil Djadid dans un communiqu\u00e9.<\/p>\n<p>Dans son allocution prononc\u00e9e lors de la c\u00e9r\u00e9monie de remise du prix, <a href=\"https:\/\/www.elwatan.com\/edition\/actualite\/soufiane-djilali-president-de-jil-jadid-gaid-salah-compromet-le-dialogue-national-08-08-2019\">Soufiane Djilali<\/a> a d\u00e9clar\u00e9\u00a0: \u00ab\u00a0le prix qui vient de m\u2019\u00eatre d\u00e9cern\u00e9, je le re\u00e7ois avec humilit\u00e9 et modestie et ne peux que le d\u00e9dier \u00e0 mon peuple, qui apr\u00e8s avoir arrach\u00e9 son ind\u00e9pendance le si\u00e8cle pass\u00e9 apr\u00e8s 132 ann\u00e9es d\u2019une nuit coloniale, est en train d\u2019offrir en ce XXIe si\u00e8cle, un mod\u00e8le d\u2019une <a href=\"https:\/\/www.elwatan.com\/edition\/actualite\/34e-vendredi-mobilisation-massive-a-alger-11-10-2019\">r\u00e9volution du sourire<\/a>\u00a0\u00bb.<\/p>\n<p>Les autres laur\u00e9ats du prix Leaders de la d\u00e9mocratie 2019 sont Hala Adosari (Arabie Saoudite), Achraf Aouadi (Tunisie), Karren Attiah (Etats-Unis), Sarah Chayes (Etats-Unis), Can Dundar (Turquie) et Todd Young ( s\u00e9nateur am\u00e9ricain).<\/p>\n<p><strong>Lire aussi<\/strong> : <a href=\"https:\/\/pomed.org\/event\/pomeds-2019-leaders-for-democracy-award-reception\/\">POMED\u2019s 2019 Leaders for Democracy Award Reception<\/a><\/p>\n<p><span class=\"post-views-label\">Post Views:<\/span> <span class=\"post-views-count\">1\u00a0420<\/span><\/p>\n<p><br class=\"c5\"\/><\/p>\n<p>Auteur: Farouk Djouadi<br \/>\n<a href=\"https:\/\/www.elwatan.com\/edition\/actualite\/soufiane-djilali-parmi-les-7-laureats-du-prix-pomed-pour-la-democratie-17-10-2019\">Cliquez ici pour lire l&rsquo;article depuis sa source.<\/a><\/p>\n","protected":false},"excerpt":{"rendered":"<p>Les laur\u00e9ats du prix Pomed ( projet pour la d\u00e9mocratie au Moyen orient) 2019. L\u2019ONG Pomed (Projet pour la d\u00e9mocratie au Moyen orient) a d\u00e9cern\u00e9, hier mercredi \u00e0 Washington, son prix international \u00ab\u00a0Leaders de la d\u00e9mocratie\u00a0\u00bb \u00e0 sept personnalit\u00e9s, dont le pr\u00e9sident du parti Jil Djadid, Soufiane Djilali. \u00ab\u00a0Monsieur Soufiane Djilali, vient de recevoir un [&hellip;]<\/p>\n","protected":false},"author":1743,"featured_media":64690,"comment_status":"closed","ping_status":"closed","sticky":false,"template":"","format":"standard","meta":{"fifu_image_url":"","fifu_image_alt":"","footnotes":""},"categories":[73,53],"tags":[],"class_list":["post-64689","post","type-post","status-publish","format-standard","has-post-thumbnail","hentry","category-actualite","category-algerie"],"_links":{"self":[{"href":"https:\/\/linitiative.ca\/International\/wp-json\/wp\/v2\/posts\/64689","targetHints":{"allow":["GET"]}}],"collection":[{"href":"https:\/\/linitiative.ca\/International\/wp-json\/wp\/v2\/posts"}],"about":[{"href":"https:\/\/linitiative.ca\/International\/wp-json\/wp\/v2\/types\/post"}],"author":[{"embeddable":true,"href":"https:\/\/linitiative.ca\/International\/wp-json\/wp\/v2\/users\/1743"}],"replies":[{"embeddable":true,"href":"https:\/\/linitiative.ca\/International\/wp-json\/wp\/v2\/comments?post=64689"}],"version-history":[{"count":0,"href":"https:\/\/linitiative.ca\/International\/wp-json\/wp\/v2\/posts\/64689\/revisions"}],"wp:featuredmedia":[{"embeddable":true,"href":"https:\/\/linitiative.ca\/International\/wp-json\/"}],"wp:attachment":[{"href":"https:\/\/linitiative.ca\/International\/wp-json\/wp\/v2\/media?parent=64689"}],"wp:term":[{"taxonomy":"category","embeddable":true,"href":"https:\/\/linitiative.ca\/International\/wp-json\/wp\/v2\/categories?post=64689"},{"taxonomy":"post_tag","embeddable":true,"href":"https:\/\/linitiative.ca\/International\/wp-json\/wp\/v2\/tags?post=64689"}],"curies":[{"name":"wp","href":"https:\/\/api.w.org\/{rel}","templated":true}]}}