{"id":64691,"date":"2019-10-17T16:47:53","date_gmt":"2019-10-17T20:47:53","guid":{"rendered":"https:\/\/linitiative.ca\/International\/baha-eddine-tliba-place-sous-mandat-de-depot\/"},"modified":"2019-10-17T16:47:53","modified_gmt":"2019-10-17T20:47:53","slug":"baha-eddine-tliba-place-sous-mandat-de-depot","status":"publish","type":"post","link":"https:\/\/linitiative.ca\/International\/baha-eddine-tliba-place-sous-mandat-de-depot\/","title":{"rendered":"Baha Eddine Tliba plac\u00e9 sous mandat de d\u00e9p\u00f4t"},"content":{"rendered":"<h4 class=\"title-14\"\/>\n<div class=\"featured_image\"><img width=\"452\" height=\"452\" data-cfsrc=\"https:\/\/www.elwatan.com\/wp-content\/uploads\/2019\/10\/FB_IMG_1571345004115.jpg\" class=\"attachment-post-thumbnail size-post-thumbnail wp-post-image c2\" alt=\"\" srcset=\"https:\/\/www.elwatan.com\/wp-content\/uploads\/2019\/10\/FB_IMG_1571345004115.jpg 452w, https:\/\/www.elwatan.com\/wp-content\/uploads\/2019\/10\/FB_IMG_1571345004115-150x150.jpg 150w, https:\/\/www.elwatan.com\/wp-content\/uploads\/2019\/10\/FB_IMG_1571345004115-300x300.jpg 300w\" sizes=\"(max-width: 452px) 100vw, 452px\"\/><noscript><\/p>\n<p><img loading=\"lazy\" decoding=\"async\" width=\"452\" height=\"452\" src=\"https:\/\/www.elwatan.com\/wp-content\/uploads\/2019\/10\/FB_IMG_1571345004115.jpg\" class=\"attachment-post-thumbnail size-post-thumbnail wp-post-image\" alt=\"\" srcset=\"https:\/\/www.elwatan.com\/wp-content\/uploads\/2019\/10\/FB_IMG_1571345004115.jpg 452w, https:\/\/www.elwatan.com\/wp-content\/uploads\/2019\/10\/FB_IMG_1571345004115-150x150.jpg 150w, https:\/\/www.elwatan.com\/wp-content\/uploads\/2019\/10\/FB_IMG_1571345004115-300x300.jpg 300w\" sizes=\"auto, (max-width: 452px) 100vw, 452px\"\/><\/p>\n<p><\/noscript><\/div>\n<p>Le d\u00e9put\u00e9 Baha Eddine Tliba a \u00e9t\u00e9 plac\u00e9, jeudi sous mandat de d\u00e9p\u00f4t \u00e0 la prison d\u2019El harrach, \u00e0 l\u2019issue de son audition par le juge d\u2019instruction pr\u00e8s le tribunal de Sidi M\u2019hamed (Alger), a-t-on appris de source judiciaire.<\/p>\n<p>Baha Eddine Tliba est accus\u00e9 notamment de \u00ab\u00a0blanchiment d\u2019argent et financement occulte de partis politiques\u00a0\u00bb.<\/p>\n<p>En septembre dernier, l\u2019Assembl\u00e9e populaire nationale (APN) avait vot\u00e9, lors d\u2019une s\u00e9ance \u00e0 huis clos, la lev\u00e9e de l\u2019immunit\u00e9 parlementaire de Baha Eddine Tliba, suite \u00e0 une demande du ministre de la Justice, Garde des Sceaux.<\/p>\n<p><span class=\"post-views-label\">Post Views:<\/span> <span class=\"post-views-count\">122<\/span><\/p>\n<p><br class=\"c4\"\/><\/p>\n<p>Auteur: Farouk Djouadi<br \/>\n<a href=\"https:\/\/www.elwatan.com\/edition\/actualite\/baha-eddine-tliba-place-sous-mandat-de-depot-17-10-2019\">Cliquez ici pour lire l&rsquo;article depuis sa source.<\/a><\/p>\n","protected":false},"excerpt":{"rendered":"<p>Le d\u00e9put\u00e9 Baha Eddine Tliba a \u00e9t\u00e9 plac\u00e9, jeudi sous mandat de d\u00e9p\u00f4t \u00e0 la prison d\u2019El harrach, \u00e0 l\u2019issue de son audition par le juge d\u2019instruction pr\u00e8s le tribunal de Sidi M\u2019hamed (Alger), a-t-on appris de source judiciaire. Baha Eddine Tliba est accus\u00e9 notamment de \u00ab\u00a0blanchiment d\u2019argent et financement occulte de partis politiques\u00a0\u00bb. En [&hellip;]<\/p>\n","protected":false},"author":1743,"featured_media":64692,"comment_status":"closed","ping_status":"closed","sticky":false,"template":"","format":"standard","meta":{"fifu_image_url":"","fifu_image_alt":"","footnotes":""},"categories":[73,53],"tags":[],"class_list":["post-64691","post","type-post","status-publish","format-standard","has-post-thumbnail","hentry","category-actualite","category-algerie"],"_links":{"self":[{"href":"https:\/\/linitiative.ca\/International\/wp-json\/wp\/v2\/posts\/64691","targetHints":{"allow":["GET"]}}],"collection":[{"href":"https:\/\/linitiative.ca\/International\/wp-json\/wp\/v2\/posts"}],"about":[{"href":"https:\/\/linitiative.ca\/International\/wp-json\/wp\/v2\/types\/post"}],"author":[{"embeddable":true,"href":"https:\/\/linitiative.ca\/International\/wp-json\/wp\/v2\/users\/1743"}],"replies":[{"embeddable":true,"href":"https:\/\/linitiative.ca\/International\/wp-json\/wp\/v2\/comments?post=64691"}],"version-history":[{"count":0,"href":"https:\/\/linitiative.ca\/International\/wp-json\/wp\/v2\/posts\/64691\/revisions"}],"wp:featuredmedia":[{"embeddable":true,"href":"https:\/\/linitiative.ca\/International\/wp-json\/"}],"wp:attachment":[{"href":"https:\/\/linitiative.ca\/International\/wp-json\/wp\/v2\/media?parent=64691"}],"wp:term":[{"taxonomy":"category","embeddable":true,"href":"https:\/\/linitiative.ca\/International\/wp-json\/wp\/v2\/categories?post=64691"},{"taxonomy":"post_tag","embeddable":true,"href":"https:\/\/linitiative.ca\/International\/wp-json\/wp\/v2\/tags?post=64691"}],"curies":[{"name":"wp","href":"https:\/\/api.w.org\/{rel}","templated":true}]}}