{"id":64697,"date":"2019-10-17T15:57:00","date_gmt":"2019-10-17T19:57:00","guid":{"rendered":"https:\/\/linitiative.ca\/International\/la-liberte-de-la-presse-est-elle-menacee-en-tunisie\/"},"modified":"2019-10-17T15:57:00","modified_gmt":"2019-10-17T19:57:00","slug":"la-liberte-de-la-presse-est-elle-menacee-en-tunisie","status":"publish","type":"post","link":"https:\/\/linitiative.ca\/International\/la-liberte-de-la-presse-est-elle-menacee-en-tunisie\/","title":{"rendered":"La libert\u00e9 de la presse est-elle  menac\u00e9e en Tunisie ?"},"content":{"rendered":"<p>La libert\u00e9 de la presse, ce seul acquis de la r\u00e9volution est-elle vraiment menac\u00e9e ? Oui r\u00e9pond\u00a0 le pr\u00e9sident du syndicat des journalistes sans h\u00e9sitation. Il en veut pour preuve les agressions contre les journalistes sur l\u2019avenue Habib Bourguiba \u00e0 Tunis et les pressions qui auraient \u00e9t\u00e9 exerc\u00e9es sur eux dans certains organes officiels. Mais est-ce suffisant pour en tirer argument.<\/p>\n<p>Parler de menace, c\u2019est aller vite en besogne, c\u2019est faire de la victimisation. Les faits qu\u2019il cite, sont le lot des journalistes partout dans le monde y compris dans les vieilles d\u00e9mocraties comme la Grande Bretagne ou m\u00eame les pays scandinaves sans qu\u00a0\u00bbon ait jamais de menaces sur la libert\u00e9 de la presse. Entendons-nous bien. Il ne s\u2019agit pas de pr\u00eater le flanc \u00e0 se tels actes, ni m\u00eame de les minorer, mais de savoir raison garder, de relativiser les choses tout en faisant preuve d\u2019une vigilance de tous les instants, car le ventre est encore f\u00e9cond d\u2019o\u00f9 est sortie la b\u00eate immonde.<\/p>\n<p>Depuis huit ans, il n\u2019y a jamais eu de suspensions de journaux, de condamnation de journalistes quoi qu\u2019ils \u00e9crivent ou disent et pourtant beaucoup d\u2019entre eux n\u2019ont pas toujours respect\u00e9 le code de d\u00e9ontologie. Dans notre secteur, libert\u00e9 et sens des responsabilit\u00e9s doivent aller de pair. Notre libert\u00e9 s\u2019arr\u00eate l\u00e0 o\u00f9 celles des autres commencent. Faute de quoi, c&rsquo;est l&rsquo;anarchie.<\/p>\n<p class=\"c2\"><strong>H\u00e9di<\/strong><\/p>\n<p>\u00a0\u00a0\u00a0\u00a0\u00a0\u00a0\u00a0\u00a0\u00a0\u00a0\u00a0\u00a0\u00a0\u00a0\u00a0\u00a0\u00a0\u00a0\u00a0\u00a0\u00a0\u00a0\u00a0\u00a0\u00a0\u00a0\u00a0\u00a0\u00a0\u00a0\u00a0\u00a0\u00a0\u00a0\u00a0\u00a0\u00a0\u00a0\u00a0\u00a0\u00a0\u00a0\u00a0\u00a0\u00a0\u00a0\u00a0\u00a0\u00a0\u00a0\u00a0\u00a0\u00a0\u00a0\u00a0\u00a0\u00a0\u00a0\u00a0\u00a0\u00a0\u00a0\u00a0\u00a0\u00a0\u00a0\u00a0\u00a0\u00a0\u00a0\u00a0\u00a0\u00a0\u00a0\u00a0\u00a0\u00a0\u00a0\u00a0\u00a0\u00a0\u00a0\u00a0\u00a0\u00a0\u00a0\u00a0\u00a0\u00a0\u00a0\u00a0\u00a0\u00a0\u00a0\u00a0\u00a0\u00a0\u00a0\u00a0\u00a0\u00a0\u00a0\u00a0\u00a0\u00a0\u00a0\u00a0\u00a0\u00a0\u00a0\u00a0\u00a0\u00a0\u00a0\u00a0\u00a0\u00a0\u00a0\u00a0\u00a0\u00a0\u00a0\u00a0\u00a0\u00a0\u00a0\u00a0\u00a0\u00a0\u00a0\u00a0\u00a0\u00a0\u00a0\u00a0\u00a0\u00a0\u00a0\u00a0\u00a0\u00a0\u00a0\u00a0\u00a0\u00a0\u00a0\u00a0\u00a0\u00a0\u00a0\u00a0\u00a0\u00a0<br \/>\u00a0<\/p>\n<p>Auteur:<br \/>\n<a href=\"https:\/\/www.leaders.com.tn\/article\/28216-la-liberte-de-la-presse-est-elle-menacee-en-tunisie\">Cliquez ici pour lire l&rsquo;article depuis sa source.<\/a><\/p>\n","protected":false},"excerpt":{"rendered":"<p>La libert\u00e9 de la presse, ce seul acquis de la r\u00e9volution est-elle vraiment menac\u00e9e ? Oui r\u00e9pond\u00a0 le pr\u00e9sident du syndicat des journalistes sans h\u00e9sitation. Il en veut pour preuve les agressions contre les journalistes sur l\u2019avenue Habib Bourguiba \u00e0 Tunis et les pressions qui auraient \u00e9t\u00e9 exerc\u00e9es sur eux dans certains organes officiels. Mais [&hellip;]<\/p>\n","protected":false},"author":1772,"featured_media":0,"comment_status":"closed","ping_status":"closed","sticky":false,"template":"","format":"standard","meta":{"fifu_image_url":"","fifu_image_alt":"","footnotes":""},"categories":[73,55],"tags":[],"class_list":["post-64697","post","type-post","status-publish","format-standard","hentry","category-actualite","category-tunisie"],"_links":{"self":[{"href":"https:\/\/linitiative.ca\/International\/wp-json\/wp\/v2\/posts\/64697","targetHints":{"allow":["GET"]}}],"collection":[{"href":"https:\/\/linitiative.ca\/International\/wp-json\/wp\/v2\/posts"}],"about":[{"href":"https:\/\/linitiative.ca\/International\/wp-json\/wp\/v2\/types\/post"}],"author":[{"embeddable":true,"href":"https:\/\/linitiative.ca\/International\/wp-json\/wp\/v2\/users\/1772"}],"replies":[{"embeddable":true,"href":"https:\/\/linitiative.ca\/International\/wp-json\/wp\/v2\/comments?post=64697"}],"version-history":[{"count":0,"href":"https:\/\/linitiative.ca\/International\/wp-json\/wp\/v2\/posts\/64697\/revisions"}],"wp:attachment":[{"href":"https:\/\/linitiative.ca\/International\/wp-json\/wp\/v2\/media?parent=64697"}],"wp:term":[{"taxonomy":"category","embeddable":true,"href":"https:\/\/linitiative.ca\/International\/wp-json\/wp\/v2\/categories?post=64697"},{"taxonomy":"post_tag","embeddable":true,"href":"https:\/\/linitiative.ca\/International\/wp-json\/wp\/v2\/tags?post=64697"}],"curies":[{"name":"wp","href":"https:\/\/api.w.org\/{rel}","templated":true}]}}