{"id":64700,"date":"2019-10-17T11:15:52","date_gmt":"2019-10-17T15:15:52","guid":{"rendered":"https:\/\/linitiative.ca\/International\/hcp-la-confiance-des-menages-poursuit-sa-tendance-baissiere\/"},"modified":"2019-10-17T11:15:52","modified_gmt":"2019-10-17T15:15:52","slug":"hcp-la-confiance-des-menages-poursuit-sa-tendance-baissiere","status":"publish","type":"post","link":"https:\/\/linitiative.ca\/International\/hcp-la-confiance-des-menages-poursuit-sa-tendance-baissiere\/","title":{"rendered":"HCP : la confiance des m\u00e9nages poursuit sa tendance baissi\u00e8re"},"content":{"rendered":"<p><strong>Les r\u00e9sultats de l\u2019enqu\u00eate de conjoncture aupr\u00e8s des m\u00e9nages, men\u00e9e par le Haut Commissariat au Plan (HCP), montrent qu\u2019au troisi\u00e8me trimestre de 2019, la confiance des m\u00e9nages continue sa tendance baissi\u00e8re entam\u00e9e depuis plus d\u2019un an.<\/strong><\/p>\n<div class=\"c10\"\/>\n<p>L\u2019indice de confiance des m\u00e9nages (ICM), dont les composantes portent sur la perception de l\u2019\u00e9volution du niveau de vie, du ch\u00f4mage, de l\u2019opportunit\u00e9 \u00e0 effectuer des achats de biens durables et la situation financi\u00e8re des m\u00e9nages, s\u2019est \u00e9tabli \u00e0 74,8 points au T3-2019 contre 74,9 points enregistr\u00e9s le trimestre pr\u00e9c\u00e9dant et 82,5 points une ann\u00e9e auparavant, pr\u00e9cise le HCP.<\/p>\n<p>Au troisi\u00e8me trimestre de 2019, 43,9% des m\u00e9nages d\u00e9clarent une d\u00e9gradation du niveau de vie au cours des 12 derniers mois, 32,5 % un maintien au m\u00eame niveau et 23,6% une am\u00e9lioration, rel\u00e8ve la m\u00eame source, notant que le solde d\u2019opinion sur l\u2019\u00e9volution pass\u00e9e du niveau de vie est rest\u00e9 n\u00e9gatif, \u00e0 moins 20,2 points, contre moins 25,4 points au trimestre pr\u00e9c\u00e9dant et moins 9,5 points au T3-2019.<\/p>\n<p>S\u2019agissant de l\u2019opportunit\u00e9 d\u2019achat des biens durables, 59,3% contre 21,6% des m\u00e9nages consid\u00e8rent que le moment n\u2019est pas opportun pour effectuer ces achats au T3-2019, souligne le HCP, faisant remarquer que le solde d\u2019opinion de cet indicateur est rest\u00e9 n\u00e9gatif, passant \u00e0 -37,7 points contre -41,4 points le trimestre pr\u00e9c\u00e9dent et -30,2 points le m\u00eame trimestre de l\u2019ann\u00e9e 2018.<\/p>\n<p>Par ailleurs, 61,5% des m\u00e9nages estiment que leurs revenus couvrent leurs d\u00e9penses, 34% d\u00e9clarent s\u2019endetter ou puiser dans leur \u00e9pargne et 4,5% affirment \u00e9pargner une partie de leur revenu, d\u2019apr\u00e8s l\u2019enqu\u00eate qui rel\u00e8ve que le solde d\u2019opinion relatif \u00e0 la situation financi\u00e8re actuelle des m\u00e9nages est rest\u00e9 n\u00e9gatif, \u00e0 -29,5 points contre -30,8 le trimestre pr\u00e9c\u00e9dant et -29,7 une ann\u00e9e auparavant.<\/p>\n<p>Quant \u00e0 l\u2019\u00e9volution de leur situation financi\u00e8re au cours des 12 derniers mois, 34,3% contre 8,3% des m\u00e9nages consid\u00e8rent qu\u2019elle s\u2019est d\u00e9grad\u00e9e. Cette perception reste ainsi n\u00e9gative, avec un solde d\u2019opinion de moins 26,0 points en d\u00e9gradation aussi bien par rapport au trimestre pr\u00e9c\u00e9dent o\u00f9 il enregistrait moins 24,2 points et moins 18,2 points respectivement.<\/p>\n<p>Concernant l\u2019\u00e9volution de leur situation financi\u00e8re au cours des 12 prochains mois, 26,3% contre 13,5 % des m\u00e9nages, s\u2019attendent \u00e0 une am\u00e9lioration de leur situation financi\u00e8re. Le solde d\u2019opinion de cet indicateur enregistre 12,8 points contre 18,3 points un trimestre auparavant et 18,2 points un an auparavant.<\/p>\n<p>L\u2019enqu\u00eate fournit \u00e9galement des donn\u00e9es trimestrielles sur la perception des m\u00e9nages relatives \u00e0 d\u2019autres aspects des conditions de vie. Il s\u2019agit en particulier de la capacit\u00e9 des m\u00e9nages \u00e0 \u00e9pargner et de l\u2019\u00e9volution des prix des produits alimentaires.<\/p>\n<div class=\"c17\">\n<fieldset class=\"c16\">\n<legend><strong><span class=\"c11\">Challenge<\/span><span class=\"c12\">news<\/span><\/strong><\/legend>\n<div class=\"c15\">Le meilleur de la r\u00e9daction s\u00e9lectionn\u00e9 par Challenge :<\/p>\n<\/div>\n<\/fieldset>\n<\/div>\n<p>Auteur: challenge<br \/>\n<a href=\"https:\/\/www.challenge.ma\/hcp-la-confiance-des-menages-poursuit-sa-tendance-baissiere-120496\/\">Cliquez ici pour lire l&rsquo;article depuis sa source.<\/a><\/p>\n","protected":false},"excerpt":{"rendered":"<p>Les r\u00e9sultats de l\u2019enqu\u00eate de conjoncture aupr\u00e8s des m\u00e9nages, men\u00e9e par le Haut Commissariat au Plan (HCP), montrent qu\u2019au troisi\u00e8me trimestre de 2019, la confiance des m\u00e9nages continue sa tendance baissi\u00e8re entam\u00e9e depuis plus d\u2019un an. L\u2019indice de confiance des m\u00e9nages (ICM), dont les composantes portent sur la perception de l\u2019\u00e9volution du niveau de vie, [&hellip;]<\/p>\n","protected":false},"author":1787,"featured_media":0,"comment_status":"closed","ping_status":"closed","sticky":false,"template":"","format":"standard","meta":{"fifu_image_url":"","fifu_image_alt":"","footnotes":""},"categories":[78,54],"tags":[],"class_list":["post-64700","post","type-post","status-publish","format-standard","hentry","category-economie","category-maroc"],"_links":{"self":[{"href":"https:\/\/linitiative.ca\/International\/wp-json\/wp\/v2\/posts\/64700","targetHints":{"allow":["GET"]}}],"collection":[{"href":"https:\/\/linitiative.ca\/International\/wp-json\/wp\/v2\/posts"}],"about":[{"href":"https:\/\/linitiative.ca\/International\/wp-json\/wp\/v2\/types\/post"}],"author":[{"embeddable":true,"href":"https:\/\/linitiative.ca\/International\/wp-json\/wp\/v2\/users\/1787"}],"replies":[{"embeddable":true,"href":"https:\/\/linitiative.ca\/International\/wp-json\/wp\/v2\/comments?post=64700"}],"version-history":[{"count":0,"href":"https:\/\/linitiative.ca\/International\/wp-json\/wp\/v2\/posts\/64700\/revisions"}],"wp:attachment":[{"href":"https:\/\/linitiative.ca\/International\/wp-json\/wp\/v2\/media?parent=64700"}],"wp:term":[{"taxonomy":"category","embeddable":true,"href":"https:\/\/linitiative.ca\/International\/wp-json\/wp\/v2\/categories?post=64700"},{"taxonomy":"post_tag","embeddable":true,"href":"https:\/\/linitiative.ca\/International\/wp-json\/wp\/v2\/tags?post=64700"}],"curies":[{"name":"wp","href":"https:\/\/api.w.org\/{rel}","templated":true}]}}