{"id":64702,"date":"2019-10-17T13:06:50","date_gmt":"2019-10-17T17:06:50","guid":{"rendered":"https:\/\/linitiative.ca\/International\/les-4-priorites-du-plf-2020\/"},"modified":"2019-10-17T13:06:50","modified_gmt":"2019-10-17T17:06:50","slug":"les-4-priorites-du-plf-2020","status":"publish","type":"post","link":"https:\/\/linitiative.ca\/International\/les-4-priorites-du-plf-2020\/","title":{"rendered":"Les 4 priorit\u00e9s du PLF 2020"},"content":{"rendered":"<p><strong>Le Conseil de gouvernement r\u00e9uni jeudi \u00e0 Rabat a adopt\u00e9 le projet de Loi de finances (PLF) 2020.<\/strong><\/p>\n<div class=\"c10\"\/>\n<p>Le <strong>projet de Loi de finances<\/strong> <strong>2020<\/strong> vise un taux de croissance du PIB de 3,7%, un objectif fond\u00e9 sur l\u2019hypoth\u00e8se d\u2019une r\u00e9colte c\u00e9r\u00e9ali\u00e8re de 70 millions de quintaux, un cours moyen de p\u00e9trole \u00e0 67 dollars le baril et un prix moyen du gaz butane \u00e0 350 dollars la tonne.<\/p>\n<p>Le PLF 2020 repose sur <strong>quatre priorit\u00e9s<\/strong>, dont la mise en \u0153uvre effective de la loi cadre relative \u00e0 la r\u00e9forme du syst\u00e8me de l\u2019\u00e9ducation et la formation en tant que base pour r\u00e9duire les disparit\u00e9s et consacrer le principe de l\u2019\u00e9galit\u00e9 des chances. La deuxi\u00e8me priorit\u00e9 porte sur la mise en place des m\u00e9canismes de la protection sociale, le soutien \u00e0 la classe moyenne et le renforcement du ciblage des cat\u00e9gories d\u00e9munies \u00e0 travers l\u2019am\u00e9lioration et la g\u00e9n\u00e9ralisation des services m\u00e9dicaux, l\u2019\u00e9largissement de la couverture m\u00e9dicale, l\u2019op\u00e9rationnalisation de l\u2019assurance maladie outre la mise en \u0153uvre des engagements du dialogue social. La troisi\u00e8me priorit\u00e9 est l\u2019acc\u00e9l\u00e9ration de la mise en place de la r\u00e9gionalisation. La derni\u00e8re priorit\u00e9 consiste \u00e0 donner une nouvelle dynamique \u00e0 l\u2019investissement et soutenir l\u2019entreprise.<\/p>\n<p>Plusieurs mesures accompagnent le <strong>PLF 2020<\/strong>, notamment la mise en \u0153uvre de la loi-cadre relative \u00e0 la r\u00e9forme du syst\u00e8me d\u2019\u00e9ducation, de formation et de recherche scientifique et ce, \u00e0 travers la cr\u00e9ation de nouveaux emplois pour une enveloppe de 72,4 milliards de DH. Parmi ces mesures figurent \u00e9galement la poursuite de la mise en \u0153uvre du plan \u00ab\u00a0Sant\u00e9 2025\u00a0\u00bb \u00e0 travers la cr\u00e9ation de 4 000 emplois d\u2019un co\u00fbt global de 18,6 milliards de DH, tout en mettant l\u2019accent sur l\u2019exon\u00e9ration de la TVA sur les vaccins au niveau national et \u00e0 l\u2019importation, et l\u2019allocation d\u2019environ 18 milliards de DH pour la r\u00e9duction des disparit\u00e9s spatiales et sociales.<\/p>\n<p>Il s\u2019agit \u00e9galement d\u2019appuyer \u00e0 hauteur de 26 milliards de DH le pouvoir d\u2019achat des cat\u00e9gories vuln\u00e9rables et de la classe moyenne \u00e0 travers la mise en \u0153uvre des obligations contenues dans l\u2019accord du dialogue social, de subventionner les produits de premi\u00e8re n\u00e9cessit\u00e9 dans le cadre de la Caisse de compensation (14,6 milliards de DH tenant en compte les proc\u00e9dures y aff\u00e9rentes), d\u2019allouer 9,6 milliards de DH pour la mise en place de la r\u00e9gionalisation avanc\u00e9e, et de relancer l\u2019investissement public en assurant le soutien aux TPE et <strong>PME<\/strong>.<\/p>\n<p>Le <strong>Conseil de gouvernement<\/strong> a, en outre, examin\u00e9 et approuv\u00e9 les d\u00e9crets accompagnant le PLF 2020. Il s\u2019agit des d\u00e9crets portant d\u00e9l\u00e9gation de pouvoir au ministre de l\u2019\u00c9conomie, des Finances et de la R\u00e9forme de l\u2019Administration en mati\u00e8re d\u2019emprunts int\u00e9rieurs et de recours \u00e0 tout autre instrument financier, en mati\u00e8re d\u2019emprunts ext\u00e9rieurs et en vue de conclure des contrats d\u2019emprunts pour le remboursement de la dette ext\u00e9rieure on\u00e9reuse et des accords de couverture de risques de taux d\u2019int\u00e9r\u00eat et d\u2019\u00e9change de devise.<\/p>\n<div class=\"c17\">\n<fieldset class=\"c16\">\n<legend><strong><span class=\"c11\">Challenge<\/span><span class=\"c12\">news<\/span><\/strong><\/legend>\n<div class=\"c15\">Le meilleur de la r\u00e9daction s\u00e9lectionn\u00e9 par Challenge :<\/p>\n<\/div>\n<\/fieldset>\n<\/div>\n<p>Auteur: Karim Handaoui<br \/>\n<a href=\"https:\/\/www.challenge.ma\/les-4-priorites-du-plf-2020-120539\/\">Cliquez ici pour lire l&rsquo;article depuis sa source.<\/a><\/p>\n","protected":false},"excerpt":{"rendered":"<p>Le Conseil de gouvernement r\u00e9uni jeudi \u00e0 Rabat a adopt\u00e9 le projet de Loi de finances (PLF) 2020. Le projet de Loi de finances 2020 vise un taux de croissance du PIB de 3,7%, un objectif fond\u00e9 sur l\u2019hypoth\u00e8se d\u2019une r\u00e9colte c\u00e9r\u00e9ali\u00e8re de 70 millions de quintaux, un cours moyen de p\u00e9trole \u00e0 67 dollars [&hellip;]<\/p>\n","protected":false},"author":1787,"featured_media":0,"comment_status":"closed","ping_status":"closed","sticky":false,"template":"","format":"standard","meta":{"fifu_image_url":"","fifu_image_alt":"","footnotes":""},"categories":[78,54],"tags":[],"class_list":["post-64702","post","type-post","status-publish","format-standard","hentry","category-economie","category-maroc"],"_links":{"self":[{"href":"https:\/\/linitiative.ca\/International\/wp-json\/wp\/v2\/posts\/64702","targetHints":{"allow":["GET"]}}],"collection":[{"href":"https:\/\/linitiative.ca\/International\/wp-json\/wp\/v2\/posts"}],"about":[{"href":"https:\/\/linitiative.ca\/International\/wp-json\/wp\/v2\/types\/post"}],"author":[{"embeddable":true,"href":"https:\/\/linitiative.ca\/International\/wp-json\/wp\/v2\/users\/1787"}],"replies":[{"embeddable":true,"href":"https:\/\/linitiative.ca\/International\/wp-json\/wp\/v2\/comments?post=64702"}],"version-history":[{"count":0,"href":"https:\/\/linitiative.ca\/International\/wp-json\/wp\/v2\/posts\/64702\/revisions"}],"wp:attachment":[{"href":"https:\/\/linitiative.ca\/International\/wp-json\/wp\/v2\/media?parent=64702"}],"wp:term":[{"taxonomy":"category","embeddable":true,"href":"https:\/\/linitiative.ca\/International\/wp-json\/wp\/v2\/categories?post=64702"},{"taxonomy":"post_tag","embeddable":true,"href":"https:\/\/linitiative.ca\/International\/wp-json\/wp\/v2\/tags?post=64702"}],"curies":[{"name":"wp","href":"https:\/\/api.w.org\/{rel}","templated":true}]}}