{"id":64704,"date":"2019-10-17T16:09:10","date_gmt":"2019-10-17T20:09:10","guid":{"rendered":"https:\/\/linitiative.ca\/International\/plf-2020-la-derniere-transition-fiscale\/"},"modified":"2019-10-17T16:09:10","modified_gmt":"2019-10-17T20:09:10","slug":"plf-2020-la-derniere-transition-fiscale","status":"publish","type":"post","link":"https:\/\/linitiative.ca\/International\/plf-2020-la-derniere-transition-fiscale\/","title":{"rendered":"PLF 2020 : la derni\u00e8re transition fiscale ?"},"content":{"rendered":"<p><strong>Les nouvelles mesures fiscales pr\u00e9vues dans le projet de loi de finances (PLF) de l\u2019ann\u00e9e 2020 r\u00e9pondent faiblement aux attentes exprim\u00e9es lors des derni\u00e8res assises nationales sur la fiscalit\u00e9. Les propositions contenues dans le PLF 2020 sont plut\u00f4t favorables principalement au capital national et aux pressions exerc\u00e9es par l\u2019Union europ\u00e9enne et l\u2019OCDE. En voici le r\u00e9sum\u00e9<\/strong>.<\/p>\n<div class=\"c10\"\/>\n<p>Converger progressivement les taux d\u2019<strong>IS<\/strong> appliqu\u00e9s aux soci\u00e9t\u00e9s industrielles, qu\u2019il s\u2019agisse de chiffre d\u2019affaires local ou \u00e0 l\u2019export, ou encore \u00e0 certains secteurs b\u00e9n\u00e9ficiant du taux r\u00e9duit de 17,5%, vers un seul taux d\u2019imposition. N\u2019est-ce pas l\u00e0 un abandon du principe de progressivit\u00e9 en mati\u00e8re d\u2019IS, tant revendiqu\u00e9 auparavant, en vue de rendre le syst\u00e8me fiscal, et plus particuli\u00e8rement la fiscalit\u00e9 des entreprises, plus \u00e9quitable\u00a0? De mani\u00e8re g\u00e9n\u00e9rale, le \u00ab\u00a0taux interm\u00e9diaire\u00a0\u00bb de 17,5% devrait \u00eatre remplac\u00e9 par un nouveau taux d\u2019imposition de 20%.<\/p>\n<p>En r\u00e9ponse aux pressions de l\u2019Union europ\u00e9enne et de l\u2019Organisation de coop\u00e9ration et de d\u00e9veloppement \u00e9conomiques (OCDE),\u00a0 le r\u00e9gime sp\u00e9cifique pr\u00e9vu pour les si\u00e8ges r\u00e9gionaux ou internationaux et aux bureaux de repr\u00e9sentation des soci\u00e9t\u00e9s non r\u00e9sidentes ayant statut Casablanca Finances City (CFC) devra \u00eatre supprim\u00e9. Le <strong>r\u00e9gime fiscal<\/strong> pr\u00e9f\u00e9rentiel pour les soci\u00e9t\u00e9s ayant le statut CFC sera r\u00e9form\u00e9 en appliquant un taux d\u2019imposition unifi\u00e9 de 15%.<\/p>\n<p>Par ailleurs, toujours dans un but d\u2019adaptation de la <strong>fiscalit\u00e9<\/strong> nationale aux normes internationales, une obligation de d\u00e9claration de la r\u00e9partition mondiale des b\u00e9n\u00e9fices des groupes de soci\u00e9t\u00e9s multinationales (d\u00e9claration pays par pays) sera institu\u00e9e.<\/p>\n<p>Enfin, compte tenu de l\u2019importance que rev\u00eat de plus en plus le sport, au niveau national, le r\u00e9gime fiscal relatif aux soci\u00e9t\u00e9s sportives devra connaitre une am\u00e9lioration, par application d\u2019une exon\u00e9ration totale pendant les 5 premi\u00e8res ann\u00e9es d\u2019exploitation, et ensuite l\u2019application du taux d\u2019imposition en mati\u00e8re d\u2019IS, plafonn\u00e9 \u00e0 20%. La neutralit\u00e9 fiscale sera aussi appliqu\u00e9e aux associations sportives qui c\u00e8dent leur actif \u00e0 une soci\u00e9t\u00e9 sportive.<\/p>\n<p>En mati\u00e8re d\u2019<strong>IR<\/strong>, les sportifs professionnels devront aussi b\u00e9n\u00e9ficier d\u2019un abattement de 50% du salaire brut, au lieu de 40%, dans la d\u00e9termination du revenu net imposable. Un petit cadeau est pr\u00e9vu pour les salari\u00e9s. Le seuil d\u2019imposition du bar\u00e8me devra \u00eatre relev\u00e9 \u00e0 33.000 DH, \u00e0 compter du 1<sup>er<\/sup> janvier 2020, et \u00e0 36.000 DH, \u00e0 compter du 1<sup>er<\/sup> janvier 2021.<\/p>\n<p>En mati\u00e8re de <strong>TVA<\/strong>, il est propos\u00e9 de relever le taux de 7% \u00e0 10%, pour l\u2019achat de la voiture \u00e9conomique, ainsi que tous les produits et composants entrant dans sa fabrication. Ce qui doit permettre d\u2019att\u00e9nuer le cr\u00e9dit TVA des entreprises concern\u00e9es, d\u2019\u00e9voluer vers moins de taux, et de marquer des points en \u00e9conomie verte. Pour le \u00ab\u00a0mat\u00e9riel agricole \u00e0 usage mixte\u00a0\u00bb, c\u2019est d\u00e9sormais le taux de 20% qui devra \u00eatre appliqu\u00e9. La vente de dattes conditionn\u00e9es et produites au Maroc, par des non agriculteurs, ne sera plus exon\u00e9r\u00e9e. Elle sera soumise au droit commun, au taux de 20%. Toujours en mati\u00e8re de TVA, l\u2019exon\u00e9ration \u00e0 l\u2019importation des viandes et des poissons destin\u00e9s aux \u00e9tablissements de restauration devra \u00eatre supprim\u00e9e.<\/p>\n<p>Grand changement\u00a0: suppression des taux sp\u00e9cifiques de la TVA. Ces taux concernent les boissons alcoolis\u00e9es, les m\u00e9taux pr\u00e9cieux (or, platine, argent). Le taux normal ad valorem du droit commun (20%) devra dor\u00e9navant \u00eatre appliqu\u00e9 .<\/p>\n<p>La vente et l\u2019importation de vaccins devront \u00eatre exon\u00e9r\u00e9es de la TVA. Il en est de m\u00eame de la vente de billets d\u2019entr\u00e9e aux mus\u00e9es, cin\u00e9ma et th\u00e9\u00e2tre. C\u2019est aussi le cas de l\u2019importation des pompes \u00e0 eau fonctionnant \u00e0 l\u2019\u00e9nergie solaire ou \u00e0 toute autre \u00e9nergie renouvelable utilis\u00e9es dans le secteur agricole.<\/p>\n<p>Pour sa part, le taux normal de la cotisation minimale sera r\u00e9vis\u00e9 \u00e0 la baisse, pour passer\/revenir \u00e0 0,50%, au lieu de 0,75%.<\/p>\n<p>Enfin, pour renforcer la tra\u00e7abilit\u00e9 des op\u00e9rations de paiement, la mesure phare qui fera certainement objet de d\u00e9bat est aff\u00e9rente \u00e0 la possibilit\u00e9 offerte aux contribuables professionnels de verser les liquidit\u00e9s dont ils disposent dans un compte bancaire, sous r\u00e9serve de payer une taxe de 5%, et sans crainte de faire l\u2019objet d\u2019un examen de la situation fiscale d\u2019ensemble, au titre des d\u00e9penses ult\u00e9rieures provenant de ces liquidit\u00e9s vers\u00e9es. C\u2019est l\u00e0 une mesure exceptionnelle devant inciter les contribuables agissant dans l\u2019informel \u00e0 int\u00e9grer la normalit\u00e9 \u00e9conomique.<\/p>\n<div class=\"c17\">\n<fieldset class=\"c16\">\n<legend><strong><span class=\"c11\">Challenge<\/span><span class=\"c12\">news<\/span><\/strong><\/legend>\n<div class=\"c15\">Le meilleur de la r\u00e9daction s\u00e9lectionn\u00e9 par Challenge :<\/p>\n<\/div>\n<\/fieldset>\n<\/div>\n<p>Auteur: Mohamed Amine<br \/>\n<a href=\"https:\/\/www.challenge.ma\/plf-2020-la-derniere-transition-fiscale-120537\/\">Cliquez ici pour lire l&rsquo;article depuis sa source.<\/a><\/p>\n","protected":false},"excerpt":{"rendered":"<p>Les nouvelles mesures fiscales pr\u00e9vues dans le projet de loi de finances (PLF) de l\u2019ann\u00e9e 2020 r\u00e9pondent faiblement aux attentes exprim\u00e9es lors des derni\u00e8res assises nationales sur la fiscalit\u00e9. Les propositions contenues dans le PLF 2020 sont plut\u00f4t favorables principalement au capital national et aux pressions exerc\u00e9es par l\u2019Union europ\u00e9enne et l\u2019OCDE. En voici le [&hellip;]<\/p>\n","protected":false},"author":1787,"featured_media":0,"comment_status":"closed","ping_status":"closed","sticky":false,"template":"","format":"standard","meta":{"fifu_image_url":"","fifu_image_alt":"","footnotes":""},"categories":[78,54],"tags":[],"class_list":["post-64704","post","type-post","status-publish","format-standard","hentry","category-economie","category-maroc"],"_links":{"self":[{"href":"https:\/\/linitiative.ca\/International\/wp-json\/wp\/v2\/posts\/64704","targetHints":{"allow":["GET"]}}],"collection":[{"href":"https:\/\/linitiative.ca\/International\/wp-json\/wp\/v2\/posts"}],"about":[{"href":"https:\/\/linitiative.ca\/International\/wp-json\/wp\/v2\/types\/post"}],"author":[{"embeddable":true,"href":"https:\/\/linitiative.ca\/International\/wp-json\/wp\/v2\/users\/1787"}],"replies":[{"embeddable":true,"href":"https:\/\/linitiative.ca\/International\/wp-json\/wp\/v2\/comments?post=64704"}],"version-history":[{"count":0,"href":"https:\/\/linitiative.ca\/International\/wp-json\/wp\/v2\/posts\/64704\/revisions"}],"wp:attachment":[{"href":"https:\/\/linitiative.ca\/International\/wp-json\/wp\/v2\/media?parent=64704"}],"wp:term":[{"taxonomy":"category","embeddable":true,"href":"https:\/\/linitiative.ca\/International\/wp-json\/wp\/v2\/categories?post=64704"},{"taxonomy":"post_tag","embeddable":true,"href":"https:\/\/linitiative.ca\/International\/wp-json\/wp\/v2\/tags?post=64704"}],"curies":[{"name":"wp","href":"https:\/\/api.w.org\/{rel}","templated":true}]}}