{"id":64705,"date":"2019-10-17T16:24:49","date_gmt":"2019-10-17T20:24:49","guid":{"rendered":"https:\/\/linitiative.ca\/International\/tunisie-bizerte-interpellation-dun-individu-qui-a-menace-les-journalistes-dal-hiwar-attounissi-sur-facebook\/"},"modified":"2019-10-17T16:24:49","modified_gmt":"2019-10-17T20:24:49","slug":"tunisie-bizerte-interpellation-dun-individu-qui-a-menace-les-journalistes-dal-hiwar-attounissi-sur-facebook","status":"publish","type":"post","link":"https:\/\/linitiative.ca\/International\/tunisie-bizerte-interpellation-dun-individu-qui-a-menace-les-journalistes-dal-hiwar-attounissi-sur-facebook\/","title":{"rendered":"Tunisie \u2013 Bizerte\u00a0: Interpellation d\u2019un individu qui a menac\u00e9 les journalistes d\u2019Al Hiwar Attounissi sur Facebook"},"content":{"rendered":"<div class=\"post-cont-in left relative\">\n<div class=\"swp_social_panel swp_horizontal_panel swp_flat_fresh swp_default_full_color swp_individual_full_color swp_other_full_color scale-100 scale-\" data-min-width=\"1100\" data-float-color=\"#ffffff\" data-float=\"none\" data-float-mobile=\"none\" data-transition=\"slide\">\n<div class=\"nc_tweetContainer swp_share_button total_shares total_sharesalt\"><span class=\"swp_count\">15 <span class=\"swp_label\">Partages<\/span><\/span><\/div>\n<\/div>\n<p>Les forces de l\u2019ordre ont convoqu\u00e9, ce jeudi, un individu qui avait publi\u00e9, sur sa page facebook, un post dans lequel il prof\u00e9rait de graves menaces \u00e0 l\u2019encontre de la chaine Al Hiwar Attounissi, et le personnel qui y travaille.<\/p>\n<p>L\u2019individu interpell\u00e9 a reconnu avoir post\u00e9 cette publication, et a, ensuite, proc\u00e9d\u00e9 \u00e0 son retrait, en pr\u00e9sentant, de fa\u00e7on publique ses excuses au personnel de la chaine, expliquant qu\u2019il avait agi sous l\u2019effet d\u2019une impulsion de col\u00e8re.<\/p>\n<div class=\"code-block code-block-1 c3\"><ins class=\"adsbygoogle c2\" data-ad-layout=\"in-article\" data-ad-format=\"fluid\" data-ad-client=\"ca-pub-2102118777505746\" data-ad-slot=\"7301775417\"\/> <\/div>\n<p>Le parquet a d\u00e9cid\u00e9 de le laisser en \u00e9tat de libert\u00e9, tout en ouvrant une enqu\u00eate \u00e0 son encontre.<\/p>\n<p><strong>Que se passe-t-il en Tunisie?<\/strong><br \/>Nous expliquons sur notre <a href=\"https:\/\/www.youtube.com\/channel\/UCRzypVq0B_yBad5eGrwBx0Q?sub_confirmation=1\" target=\"_blank\" rel=\"noopener noreferrer\">cha\u00eene YouTube<\/a> . <a href=\"https:\/\/www.youtube.com\/channel\/UCRzypVq0B_yBad5eGrwBx0Q?sub_confirmation=1\" target=\"_blank\" rel=\"noopener noreferrer\">Abonnez-vous!<\/a><\/p>\n<div class=\"mvp-org-wrap mvp-org-logo\" itemprop=\"publisher\" itemscope=\"\" itemtype=\"https:\/\/schema.org\/Organization\"><img decoding=\"async\" src=\"https:\/\/www.tunisienumerique.com\/wp-content\/uploads\/2017\/02\/logo_tunisie_numerique.png\"\/><\/div>\n<div class=\"swp_social_panel swp_horizontal_panel swp_flat_fresh swp_default_full_color swp_individual_full_color swp_other_full_color scale-100 scale-\" data-min-width=\"1100\" data-float-color=\"#ffffff\" data-float=\"none\" data-float-mobile=\"none\" data-transition=\"slide\">\n<div class=\"nc_tweetContainer swp_share_button total_shares total_sharesalt\"><span class=\"swp_count\">15 <span class=\"swp_label\">Partages<\/span><\/span><\/div>\n<\/div>\n<div class=\"mvp-related-posts left relative\">\n<h4 class=\"post-header\"><span class=\"post-header\">Lire aussi<\/span><\/h4>\n<\/div>\n<\/div>\n<p>Auteur: LM<br \/>\n<a href=\"https:\/\/www.tunisienumerique.com\/tunisie-bizerte-interpellation-dun-individu-qui-a-menace-les-journalistes-dal-hiwar-attounissi-sur-facebook\/\">Cliquez ici pour lire l&rsquo;article depuis sa source.<\/a><\/p>\n","protected":false},"excerpt":{"rendered":"<p>15 Partages Les forces de l\u2019ordre ont convoqu\u00e9, ce jeudi, un individu qui avait publi\u00e9, sur sa page facebook, un post dans lequel il prof\u00e9rait de graves menaces \u00e0 l\u2019encontre de la chaine Al Hiwar Attounissi, et le personnel qui y travaille. L\u2019individu interpell\u00e9 a reconnu avoir post\u00e9 cette publication, et a, ensuite, proc\u00e9d\u00e9 \u00e0 [&hellip;]<\/p>\n","protected":false},"author":1789,"featured_media":64706,"comment_status":"closed","ping_status":"closed","sticky":false,"template":"","format":"standard","meta":{"fifu_image_url":"","fifu_image_alt":"","footnotes":""},"categories":[73,55],"tags":[],"class_list":["post-64705","post","type-post","status-publish","format-standard","has-post-thumbnail","hentry","category-actualite","category-tunisie"],"_links":{"self":[{"href":"https:\/\/linitiative.ca\/International\/wp-json\/wp\/v2\/posts\/64705","targetHints":{"allow":["GET"]}}],"collection":[{"href":"https:\/\/linitiative.ca\/International\/wp-json\/wp\/v2\/posts"}],"about":[{"href":"https:\/\/linitiative.ca\/International\/wp-json\/wp\/v2\/types\/post"}],"author":[{"embeddable":true,"href":"https:\/\/linitiative.ca\/International\/wp-json\/wp\/v2\/users\/1789"}],"replies":[{"embeddable":true,"href":"https:\/\/linitiative.ca\/International\/wp-json\/wp\/v2\/comments?post=64705"}],"version-history":[{"count":0,"href":"https:\/\/linitiative.ca\/International\/wp-json\/wp\/v2\/posts\/64705\/revisions"}],"wp:featuredmedia":[{"embeddable":true,"href":"https:\/\/linitiative.ca\/International\/wp-json\/"}],"wp:attachment":[{"href":"https:\/\/linitiative.ca\/International\/wp-json\/wp\/v2\/media?parent=64705"}],"wp:term":[{"taxonomy":"category","embeddable":true,"href":"https:\/\/linitiative.ca\/International\/wp-json\/wp\/v2\/categories?post=64705"},{"taxonomy":"post_tag","embeddable":true,"href":"https:\/\/linitiative.ca\/International\/wp-json\/wp\/v2\/tags?post=64705"}],"curies":[{"name":"wp","href":"https:\/\/api.w.org\/{rel}","templated":true}]}}