{"id":64709,"date":"2019-10-17T16:43:37","date_gmt":"2019-10-17T20:43:37","guid":{"rendered":"https:\/\/linitiative.ca\/International\/turquie-erdogan-plie-sous-le-poids-des-menaces-americaine-et-annonce-un-cessez-le-feu-au-nord-de-la-syrie\/"},"modified":"2019-10-17T16:43:37","modified_gmt":"2019-10-17T20:43:37","slug":"turquie-erdogan-plie-sous-le-poids-des-menaces-americaine-et-annonce-un-cessez-le-feu-au-nord-de-la-syrie","status":"publish","type":"post","link":"https:\/\/linitiative.ca\/International\/turquie-erdogan-plie-sous-le-poids-des-menaces-americaine-et-annonce-un-cessez-le-feu-au-nord-de-la-syrie\/","title":{"rendered":"Turquie\u00a0: Erdogan plie sous le poids des menaces am\u00e9ricaine et annonce un cessez le feu au nord de la Syrie"},"content":{"rendered":"<div class=\"post-cont-in left relative\">\n<div class=\"swp_social_panel swp_horizontal_panel swp_flat_fresh swp_default_full_color swp_individual_full_color swp_other_full_color scale-100 scale-\" data-min-width=\"1100\" data-float-color=\"#ffffff\" data-float=\"none\" data-float-mobile=\"none\" data-transition=\"slide\">\n<div class=\"nc_tweetContainer swp_share_button total_shares total_sharesalt\"><span class=\"swp_count\">10 <span class=\"swp_label\">Partages<\/span><\/span><\/div>\n<\/div>\n<p>Donald Trump a salu\u00e9 les r\u00e9sultats de la rencontre de Mike Pence avec Recep Tayyip Erdogan \u00e0 Ankara, lors de laquelle les \u00c9tats-Unis et la Turquie se sont mis d\u2019accord sur le cessez-le-feu en Syrie.<\/p>\n<p class=\"c2\">\u00c0 l\u2019issue des pourparlers entre Mike Pence et Recep Tayyip Erdogan, ce jeudi 17 octobre \u00e0 Ankara, Donald Trump a remerci\u00e9, sur son compte Twitter, le Pr\u00e9sident Turc.<\/p>\n<div class=\"code-block code-block-1 c4\"><ins class=\"adsbygoogle c3\" data-ad-layout=\"in-article\" data-ad-format=\"fluid\" data-ad-client=\"ca-pub-2102118777505746\" data-ad-slot=\"7301775417\"\/> <\/div>\n<p>Suite \u00e0 l\u2019entretien, Mike Pence a annonc\u00e9\u00a0que les deux parties \u00e9taient parvenues \u00e0 un accord de cessez-le-feu dans le nord de la Syrie. Selon le vice-Pr\u00e9sident am\u00e9ricain, la Turquie suspendra son action militaire pour permettre aux miliciens kurdes des unit\u00e9s de protection du peuple (YPG) de quitter la zone de s\u00e9curit\u00e9 pendant 120 heures.<\/p>\n<p>Il a \u00e9galement soulign\u00e9 qu\u2019avec la mise en \u0153uvre du cessez-le-feu, les \u00c9tats-Unis n\u2019imposeraient plus de sanctions \u00e0 la Turquie. En outre, les sanctions \u00e9conomiques r\u00e9cemment impos\u00e9es par Washington \u00e0 Ankara seront lev\u00e9es, d\u00e8s que l\u2019op\u00e9ration Source de Paix sera termin\u00e9e.<\/p>\n<p>Mercredi 9 octobre,\u00a0le Pr\u00e9sident turc a annonc\u00e9 le lancement\u00a0dans le nord-est de la Syrie de l\u2019op\u00e9ration Source de Paix dirig\u00e9e contre le Parti des travailleurs du Kurdistan (PKK), interdit en Turquie.<\/p>\n<p>En r\u00e9action \u00e0 cette offensive, Damas a envoy\u00e9 le 13 octobre ses forces arm\u00e9es dans le nord du pays, conform\u00e9ment \u00e0 un accord pass\u00e9 avec l\u2019administration kurde.\u00a0Les troupes gouvernementales syriennes\u00a0sont d\u00e9j\u00e0 entr\u00e9es dans les villes de Minbej, d\u2019Al-Thawrah (Tabqa) et de Koban\u00e9. La confrontation entre les arm\u00e9es syrienne et turque \u00e9tait devenue imminente.<\/p>\n<p><img loading=\"lazy\" decoding=\"async\" class=\"aligncenter size-full wp-image-468884\" src=\"https:\/\/www.tunisienumerique.com\/wp-content\/uploads\/2019\/10\/trump-tweet.jpg\" alt=\"\" width=\"565\" height=\"312\"\/><\/p>\n<p><strong>Que se passe-t-il en Tunisie?<\/strong><br \/>Nous expliquons sur notre <a href=\"https:\/\/www.youtube.com\/channel\/UCRzypVq0B_yBad5eGrwBx0Q?sub_confirmation=1\" target=\"_blank\" rel=\"noopener noreferrer\">cha\u00eene YouTube<\/a> . <a href=\"https:\/\/www.youtube.com\/channel\/UCRzypVq0B_yBad5eGrwBx0Q?sub_confirmation=1\" target=\"_blank\" rel=\"noopener noreferrer\">Abonnez-vous!<\/a><\/p>\n<div class=\"mvp-org-wrap mvp-org-logo\" itemprop=\"publisher\" itemscope=\"\" itemtype=\"https:\/\/schema.org\/Organization\"><img decoding=\"async\" src=\"https:\/\/www.tunisienumerique.com\/wp-content\/uploads\/2017\/02\/logo_tunisie_numerique.png\"\/><\/div>\n<div class=\"swp_social_panel swp_horizontal_panel swp_flat_fresh swp_default_full_color swp_individual_full_color swp_other_full_color scale-100 scale-\" data-min-width=\"1100\" data-float-color=\"#ffffff\" data-float=\"none\" data-float-mobile=\"none\" data-transition=\"slide\">\n<div class=\"nc_tweetContainer swp_share_button total_shares total_sharesalt\"><span class=\"swp_count\">10 <span class=\"swp_label\">Partages<\/span><\/span><\/div>\n<\/div>\n<div class=\"mvp-related-posts left relative\">\n<h4 class=\"post-header\"><span class=\"post-header\">Lire aussi<\/span><\/h4>\n<\/div>\n<\/div>\n<p>Auteur: LM<br \/>\n<a href=\"https:\/\/www.tunisienumerique.com\/turquie-erdogan-plie-sous-le-poids-des-menaces-americaine-et-annonce-un-cessez-le-feu-au-nord-de-la-syrie\/\">Cliquez ici pour lire l&rsquo;article depuis sa source.<\/a><\/p>\n","protected":false},"excerpt":{"rendered":"<p>10 Partages Donald Trump a salu\u00e9 les r\u00e9sultats de la rencontre de Mike Pence avec Recep Tayyip Erdogan \u00e0 Ankara, lors de laquelle les \u00c9tats-Unis et la Turquie se sont mis d\u2019accord sur le cessez-le-feu en Syrie. \u00c0 l\u2019issue des pourparlers entre Mike Pence et Recep Tayyip Erdogan, ce jeudi 17 octobre \u00e0 Ankara, Donald [&hellip;]<\/p>\n","protected":false},"author":1789,"featured_media":64710,"comment_status":"closed","ping_status":"closed","sticky":false,"template":"","format":"standard","meta":{"fifu_image_url":"","fifu_image_alt":"","footnotes":""},"categories":[73,55],"tags":[],"class_list":["post-64709","post","type-post","status-publish","format-standard","has-post-thumbnail","hentry","category-actualite","category-tunisie"],"_links":{"self":[{"href":"https:\/\/linitiative.ca\/International\/wp-json\/wp\/v2\/posts\/64709","targetHints":{"allow":["GET"]}}],"collection":[{"href":"https:\/\/linitiative.ca\/International\/wp-json\/wp\/v2\/posts"}],"about":[{"href":"https:\/\/linitiative.ca\/International\/wp-json\/wp\/v2\/types\/post"}],"author":[{"embeddable":true,"href":"https:\/\/linitiative.ca\/International\/wp-json\/wp\/v2\/users\/1789"}],"replies":[{"embeddable":true,"href":"https:\/\/linitiative.ca\/International\/wp-json\/wp\/v2\/comments?post=64709"}],"version-history":[{"count":0,"href":"https:\/\/linitiative.ca\/International\/wp-json\/wp\/v2\/posts\/64709\/revisions"}],"wp:featuredmedia":[{"embeddable":true,"href":"https:\/\/linitiative.ca\/International\/wp-json\/"}],"wp:attachment":[{"href":"https:\/\/linitiative.ca\/International\/wp-json\/wp\/v2\/media?parent=64709"}],"wp:term":[{"taxonomy":"category","embeddable":true,"href":"https:\/\/linitiative.ca\/International\/wp-json\/wp\/v2\/categories?post=64709"},{"taxonomy":"post_tag","embeddable":true,"href":"https:\/\/linitiative.ca\/International\/wp-json\/wp\/v2\/tags?post=64709"}],"curies":[{"name":"wp","href":"https:\/\/api.w.org\/{rel}","templated":true}]}}