{"id":64713,"date":"2019-10-17T17:14:11","date_gmt":"2019-10-17T21:14:11","guid":{"rendered":"https:\/\/linitiative.ca\/International\/tunisie-bizerte-demission-collective-des-medecins-du-service-des-urgences-de-lhopital-bougatfa\/"},"modified":"2019-10-17T17:14:11","modified_gmt":"2019-10-17T21:14:11","slug":"tunisie-bizerte-demission-collective-des-medecins-du-service-des-urgences-de-lhopital-bougatfa","status":"publish","type":"post","link":"https:\/\/linitiative.ca\/International\/tunisie-bizerte-demission-collective-des-medecins-du-service-des-urgences-de-lhopital-bougatfa\/","title":{"rendered":"Tunisie \u2013 Bizerte\u00a0: D\u00e9mission collective des m\u00e9decins du service des urgences de l\u2019h\u00f4pital Bougatfa"},"content":{"rendered":"<div class=\"post-cont-in left relative\">\n<div class=\"swp_social_panel swp_horizontal_panel swp_flat_fresh swp_default_full_color swp_individual_full_color swp_other_full_color scale-100 scale-\" data-min-width=\"1100\" data-float-color=\"#ffffff\" data-float=\"none\" data-float-mobile=\"none\" data-transition=\"slide\">\n<div class=\"nc_tweetContainer swp_share_button total_shares total_sharesalt\"><span class=\"swp_count\">1 <span class=\"swp_label\">Partages<\/span><\/span><\/div>\n<\/div>\n<p>Les m\u00e9decins de la sant\u00e9 publique exer\u00e7ant au sein du service des urgences de l\u2019h\u00f4pital Bougatfa, \u00e0 Bizerte, ont adress\u00e9, \u00e0 la ministre de la sant\u00e9 par int\u00e9rim, sous couvert du directeur r\u00e9gional de la sant\u00e9 \u00e0 Bizerte, une lettre de d\u00e9mission collective du travail dans ce service, sign\u00e9e par sept m\u00e9decins.<\/p>\n<p>Les signataires de cette d\u00e9mission condamnent les mutations abusives op\u00e9r\u00e9es par le directeur r\u00e9gional de la sant\u00e9, sans prendre en consid\u00e9ration les int\u00e9r\u00eats du service et de son bon fonctionnement, comme il ne prend aucune consid\u00e9ration de l\u2019anciennet\u00e9 des m\u00e9decins dans ce service. Ce qui a d\u00e9garni le service, au point d\u2019arr\u00eater l\u2019exercice du SMUR de Bizerte.<\/p>\n<div class=\"code-block code-block-1 c3\"><ins class=\"adsbygoogle c2\" data-ad-layout=\"in-article\" data-ad-format=\"fluid\" data-ad-client=\"ca-pub-2102118777505746\" data-ad-slot=\"7301775417\"\/> <\/div>\n<p><strong>Que se passe-t-il en Tunisie?<\/strong><br \/>Nous expliquons sur notre <a href=\"https:\/\/www.youtube.com\/channel\/UCRzypVq0B_yBad5eGrwBx0Q?sub_confirmation=1\" target=\"_blank\" rel=\"noopener noreferrer\">cha\u00eene YouTube<\/a> . <a href=\"https:\/\/www.youtube.com\/channel\/UCRzypVq0B_yBad5eGrwBx0Q?sub_confirmation=1\" target=\"_blank\" rel=\"noopener noreferrer\">Abonnez-vous!<\/a><\/p>\n<div class=\"mvp-org-wrap mvp-org-logo\" itemprop=\"publisher\" itemscope=\"\" itemtype=\"https:\/\/schema.org\/Organization\"><img decoding=\"async\" src=\"https:\/\/www.tunisienumerique.com\/wp-content\/uploads\/2017\/02\/logo_tunisie_numerique.png\"\/><\/div>\n<div class=\"swp_social_panel swp_horizontal_panel swp_flat_fresh swp_default_full_color swp_individual_full_color swp_other_full_color scale-100 scale-\" data-min-width=\"1100\" data-float-color=\"#ffffff\" data-float=\"none\" data-float-mobile=\"none\" data-transition=\"slide\">\n<div class=\"nc_tweetContainer swp_share_button total_shares total_sharesalt\"><span class=\"swp_count\">1 <span class=\"swp_label\">Partages<\/span><\/span><\/div>\n<\/div>\n<div class=\"mvp-related-posts left relative\">\n<h4 class=\"post-header\"><span class=\"post-header\">Lire aussi<\/span><\/h4>\n<\/div>\n<\/div>\n<p>Auteur: LM<br \/>\n<a href=\"https:\/\/www.tunisienumerique.com\/tunisie-bizerte-demission-collective-des-medecins-du-service-des-urgences-de-lhopital-bougatfa\/\">Cliquez ici pour lire l&rsquo;article depuis sa source.<\/a><\/p>\n","protected":false},"excerpt":{"rendered":"<p>1 Partages Les m\u00e9decins de la sant\u00e9 publique exer\u00e7ant au sein du service des urgences de l\u2019h\u00f4pital Bougatfa, \u00e0 Bizerte, ont adress\u00e9, \u00e0 la ministre de la sant\u00e9 par int\u00e9rim, sous couvert du directeur r\u00e9gional de la sant\u00e9 \u00e0 Bizerte, une lettre de d\u00e9mission collective du travail dans ce service, sign\u00e9e par sept m\u00e9decins. Les [&hellip;]<\/p>\n","protected":false},"author":1789,"featured_media":64714,"comment_status":"closed","ping_status":"closed","sticky":false,"template":"","format":"standard","meta":{"fifu_image_url":"","fifu_image_alt":"","footnotes":""},"categories":[73,55],"tags":[],"class_list":["post-64713","post","type-post","status-publish","format-standard","has-post-thumbnail","hentry","category-actualite","category-tunisie"],"_links":{"self":[{"href":"https:\/\/linitiative.ca\/International\/wp-json\/wp\/v2\/posts\/64713","targetHints":{"allow":["GET"]}}],"collection":[{"href":"https:\/\/linitiative.ca\/International\/wp-json\/wp\/v2\/posts"}],"about":[{"href":"https:\/\/linitiative.ca\/International\/wp-json\/wp\/v2\/types\/post"}],"author":[{"embeddable":true,"href":"https:\/\/linitiative.ca\/International\/wp-json\/wp\/v2\/users\/1789"}],"replies":[{"embeddable":true,"href":"https:\/\/linitiative.ca\/International\/wp-json\/wp\/v2\/comments?post=64713"}],"version-history":[{"count":0,"href":"https:\/\/linitiative.ca\/International\/wp-json\/wp\/v2\/posts\/64713\/revisions"}],"wp:featuredmedia":[{"embeddable":true,"href":"https:\/\/linitiative.ca\/International\/wp-json\/"}],"wp:attachment":[{"href":"https:\/\/linitiative.ca\/International\/wp-json\/wp\/v2\/media?parent=64713"}],"wp:term":[{"taxonomy":"category","embeddable":true,"href":"https:\/\/linitiative.ca\/International\/wp-json\/wp\/v2\/categories?post=64713"},{"taxonomy":"post_tag","embeddable":true,"href":"https:\/\/linitiative.ca\/International\/wp-json\/wp\/v2\/tags?post=64713"}],"curies":[{"name":"wp","href":"https:\/\/api.w.org\/{rel}","templated":true}]}}