{"id":64715,"date":"2019-10-17T16:17:23","date_gmt":"2019-10-17T20:17:23","guid":{"rendered":"https:\/\/linitiative.ca\/International\/crise-au-cdp\/"},"modified":"2019-10-17T16:17:23","modified_gmt":"2019-10-17T20:17:23","slug":"crise-au-cdp","status":"publish","type":"post","link":"https:\/\/linitiative.ca\/International\/crise-au-cdp\/","title":{"rendered":"CRISE AU CDP"},"content":{"rendered":"<div class=\"stream-item stream-item-above-post-content\">\n<p><noscript><\/p>\n<p><a href=\"\/\/www3.smartadserver.com\/ac?jump=1&#038;nwid=2136&#038;siteid=240610&#038;pgname=rg&#038;fmtid=49046&#038;visit=m&#038;tmstp=[timestamp]&#038;out=nonrich\" target=\"_blank\" rel=\"noopener noreferrer\"><img decoding=\"async\" src=\"\/\/www3.smartadserver.com\/ac?out=nonrich&#038;nwid=2136&#038;siteid=240610&#038;pgname=rg&#038;fmtid=49046&#038;visit=m&#038;tmstp=[timestamp]\" border=\"0\" alt=\"\"\/><\/a><\/p>\n<p><\/noscript><\/div>\n<p>Depuis quelque temps, j\u2019assiste, \u00e0 l\u2019instar de bien des Burkinab\u00e8, \u00e0 une grave crise qui secoue le Congr\u00e8s pour la d\u00e9mocratie et le progr\u00e8s (CDP), ex-parti au pouvoir. En effet, quand ce n\u2019est pas dans la presse que les uns et les autres s\u2019attaquent, c\u2019est devant les tribunaux qu\u2019ils se tra\u00eenent tant et si bien que l\u2019on a envie de dire que le parti de l\u2019ex-pr\u00e9sident Blaise Compaor\u00e9 prend l\u2019eau chaque jour que Dieu fait. Et comme pour ne rien arranger, les choses ont pris une autre tournure depuis qu\u2019\u00e0 l\u2019issue du congr\u00e8s du 22 septembre dernier, bien des militants ont \u00e9t\u00e9 suspendus et d\u2019autres exclus, pour, dit-on, avoir pos\u00e9 des \u00ab\u00a0<em>actes d\u2019indiscipline\u00a0<\/em>\u00bb. On en \u00e9tait l\u00e0 jusqu\u2019\u00e0 ce que subitement apparaissent dans la presse et sur les r\u00e9seaux sociaux, des correspondances sign\u00e9es de Blaise Compaor\u00e9, qui, pour certains, sonnent comme un \u00ab\u00a0<em>d\u00e9saveu de la direction actuelle du CDP\u00a0<\/em>\u00bb. Ceux qui le disent n\u2019ont peut-\u00eatre pas tort puisqu\u2019en pareille occurrence, chacun voit midi \u00e0 sa porte. La preuve est que pendant que le camp adverse crie victoire, la direction du parti, elle, pense que Blaise Compaor\u00e9 n\u2019a fait que diviser la poire en deux. Car, tout en demandant de \u00ab\u00a0<em>rapporter les sanctions\u00a0\u00bb,<\/em> il demande\u00a0 aux <em>\u00ab\u00a0dissidents<\/em>\u00a0\u00bb de retirer leurs plaintes en justice. Mais moi, en tant qu\u2019observateur, je pense que dans le cas d\u2019esp\u00e8ce, il faut \u00e9viter de chercher \u00e0 savoir quel camp a raison sur l\u2019autre. Le probl\u00e8me ne se situe pas \u00e0 ce niveau. Blaise Compaor\u00e9 ne souhaite pas l\u2019\u00e9clatement du CDP qui, on le sait, a toujours des ressources pour reconqu\u00e9rir le pouvoir d\u2019Etat. N\u2019e\u00fbt \u00e9t\u00e9 cette crise, le parti serait bien parti pour faire mal \u00e0 la pr\u00e9sidentielle de 2020.<\/p>\n<p><strong>Le CDP gagnerait \u00e0 se r\u00e9concilier avec lui-m\u00eame<\/strong><\/p>\n<p><strong>\u00a0<\/strong><\/p>\n<p class=\"c3\">Peut-\u00eatre, comme dirait quelqu\u2019un, c\u2019est le marabout de Roch, s\u2019il en a un, qui a bien travaill\u00e9 et qui a fait en sorte que soit \u00e9cart\u00e9 tout danger en 2020. En tout cas, moi, je pense que le CDP gagnerait \u00e0 se r\u00e9concilier avec lui-m\u00eame. Si d\u00e9j\u00e0, entre militants d\u2019un m\u00eame parti, on n\u2019arrive pas \u00e0 se parler et \u00e0 se pardonner, je ne sais comment l\u2019on pourrait parler de r\u00e9conciliation nationale dans ce pays qui en a pourtant besoin pour aller de l\u2019avant. C\u2019est pourquoi, sans prendre parti pour l\u2019un ou l\u2019autre camp, j\u2019en appelle \u00e0 la responsabilit\u00e9 de tous au sein du CDP. L\u2019heure n\u2019est pas \u00e0 la bagarre. Non\u00a0! Les uns et les autres doivent d\u00e9passer leurs <em>ego<\/em> surdimensionn\u00e9s pour ne privil\u00e9gier que l\u2019int\u00e9r\u00eat du parti. Cela s\u2019impose comme une n\u00e9cessit\u00e9. Car, faut-il le rappeler, en cette veille d\u2019\u00e9ch\u00e9ances \u00e9lectorales, il ne fait pas bon perdre des militants qui ne manqueront pas d\u2019aller grossir les rangs des adversaires qui n\u2019en demandent pas mieux. Et je pense qu\u2019il n\u2019est pas trop tard pour recoller les morceaux m\u00eame si je reconnais, par ailleurs, \u00a0que certains militants du parti sont all\u00e9s trop loin dans la diatribe et la basse injure. Mais comme le disait quelqu\u2019un, <em>\u00ab\u00a0le sage n\u2019est pas celui-l\u00e0 qui ne se trompe pas mais celui-l\u00e0 qui, apr\u00e8s s\u2019\u00eatre tromp\u00e9, accepte de s\u2019amender\u00a0\u00bb<\/em>. C\u2019est \u00e7a qui fait la grandeur d\u2019un homme. Tout le reste, par contre, n\u2019est que pur orgueil.<\/p>\n<p><strong>\u00a0<\/strong><\/p>\n<p><strong><em>\u00ab\u00a0Le Fou\u00a0\u00bb<\/em><\/strong><\/p>\n<p><strong>\u00a0<\/strong><\/p>\n<p>Auteur: Le Pays<br \/>\n<a href=\"http:\/\/lepays.bf\/crise-au-cdp-3\/\">Cliquez ici pour lire l&rsquo;article depuis sa source.<\/a><\/p>\n","protected":false},"excerpt":{"rendered":"<p>Depuis quelque temps, j\u2019assiste, \u00e0 l\u2019instar de bien des Burkinab\u00e8, \u00e0 une grave crise qui secoue le Congr\u00e8s pour la d\u00e9mocratie et le progr\u00e8s (CDP), ex-parti au pouvoir. En effet, quand ce n\u2019est pas dans la presse que les uns et les autres s\u2019attaquent, c\u2019est devant les tribunaux qu\u2019ils se tra\u00eenent tant et si bien [&hellip;]<\/p>\n","protected":false},"author":1813,"featured_media":0,"comment_status":"closed","ping_status":"closed","sticky":false,"template":"","format":"standard","meta":{"fifu_image_url":"","fifu_image_alt":"","footnotes":""},"categories":[73,81],"tags":[],"class_list":["post-64715","post","type-post","status-publish","format-standard","hentry","category-actualite","category-burkina-faso"],"_links":{"self":[{"href":"https:\/\/linitiative.ca\/International\/wp-json\/wp\/v2\/posts\/64715","targetHints":{"allow":["GET"]}}],"collection":[{"href":"https:\/\/linitiative.ca\/International\/wp-json\/wp\/v2\/posts"}],"about":[{"href":"https:\/\/linitiative.ca\/International\/wp-json\/wp\/v2\/types\/post"}],"author":[{"embeddable":true,"href":"https:\/\/linitiative.ca\/International\/wp-json\/wp\/v2\/users\/1813"}],"replies":[{"embeddable":true,"href":"https:\/\/linitiative.ca\/International\/wp-json\/wp\/v2\/comments?post=64715"}],"version-history":[{"count":0,"href":"https:\/\/linitiative.ca\/International\/wp-json\/wp\/v2\/posts\/64715\/revisions"}],"wp:attachment":[{"href":"https:\/\/linitiative.ca\/International\/wp-json\/wp\/v2\/media?parent=64715"}],"wp:term":[{"taxonomy":"category","embeddable":true,"href":"https:\/\/linitiative.ca\/International\/wp-json\/wp\/v2\/categories?post=64715"},{"taxonomy":"post_tag","embeddable":true,"href":"https:\/\/linitiative.ca\/International\/wp-json\/wp\/v2\/tags?post=64715"}],"curies":[{"name":"wp","href":"https:\/\/api.w.org\/{rel}","templated":true}]}}