{"id":64718,"date":"2019-10-17T07:00:23","date_gmt":"2019-10-17T11:00:23","guid":{"rendered":"https:\/\/linitiative.ca\/International\/interdiction-marche-anti-imperialiste-le-balai-citoyen-proteste\/"},"modified":"2019-10-17T07:00:23","modified_gmt":"2019-10-17T11:00:23","slug":"interdiction-marche-anti-imperialiste-le-balai-citoyen-proteste","status":"publish","type":"post","link":"https:\/\/linitiative.ca\/International\/interdiction-marche-anti-imperialiste-le-balai-citoyen-proteste\/","title":{"rendered":"Interdiction-marche anti-imp\u00e9rialiste, le balai citoyen proteste"},"content":{"rendered":"<div>\n<p><strong>Protestation du balai citoyen contre l\u2019interdiction de la marche anti-imp\u00e9rialiste pr\u00e9vue par l\u2019organisation d\u00e9mocratique de la jeunesse (ODJ) du Burkina Faso<\/strong><\/p>\n<p>A l\u2019occasion de la 4<sup>e<\/sup> \u00e9dition des Journ\u00e9es Anti-Imp\u00e9rialistes organis\u00e9es par l\u2019Organisation D\u00e9mocratique de la Jeunesse (ODJ) du Burkina Faso en collaboration avec d\u2019autres organisations et syndicats sous le th\u00e8me\u00a0\u00ab\u00a0Imp\u00e9rialisme et terrorisme en Afrique\u00a0: causes et perspectives pour les peuples en lutte pour leur lib\u00e9ration nationale et sociale\u00a0\u00bb, les organisateurs, conform\u00e9ment \u00e0 l\u2019article 10 de la loi n\u00b0022\/97\/11\/AS portant libert\u00e9 de r\u00e9unions et de manifestations sur la voie publique du 21 Octobre 1997 ont soumis une d\u00e9claration au Maire de la Commune de Ouagadougou pour une marche qui devait avoir lieu le samedi 12 Octobre 2019. En guise de r\u00e9ponse, l\u2019Autorit\u00e9 s\u2019est fendue d\u2019un accus\u00e9 de r\u00e9ception dans lequel elle pr\u00e9texte le contexte s\u00e9curitaire et le d\u00e9ploiement des forces de d\u00e9fense et de s\u00e9curit\u00e9 sur le terrain, pour juger la manifestation inopportune et, par cons\u00e9quent, se dit non favorable \u00e0 la \u00ab\u00a0requ\u00eate\u00a0\u00bb.<\/p>\n<p>Cette r\u00e9ponse de l\u2019Autorit\u00e9 suscite les inqui\u00e9tudes et les observations suivantes de la part du Balai Citoyen\u00a0:<\/p>\n<ol>\n<li>Le Burkina Faso est un pays de droit et par l\u00e0 les actes, qu\u2019ils soient du fait du Citoyen ou de l\u2019Autorit\u00e9, doivent s\u2019inscrire dans la l\u00e9galit\u00e9. La manifestation pr\u00e9vue par les Camarades de l\u2019ODJ est une manifestation l\u00e9gale en ce sens que la loi n\u2019exclut pas les sujets que d\u2019aucun pourrait consid\u00e9rer comme \u00ab\u00a0tabou\u00a0\u00bb. La r\u00e9ponse de l\u2019Autorit\u00e9, par contre est \u00e0 caract\u00e8re ill\u00e9gal car la d\u00e9claration soumise n\u2019est nullement une \u00ab\u00a0requ\u00eate\u00a0\u00bb et donc elle ne saurait pr\u00e9texter de la non disponibilit\u00e9 des forces de d\u00e9fense et de s\u00e9curit\u00e9 pour emp\u00eacher cette manifestation publique. Mieux il n\u2019appartient pas \u00e0 l\u2019autorit\u00e9 publique de d\u00e9terminer \u00ab\u00a0l\u2019opportunit\u00e9\u00a0\u00bb d\u2019une action d\u2019interpellation ;<\/li>\n<li>Dans le m\u00eame contexte s\u00e9curitaire, le Balai Citoyen note que des manifestations sur la voie publique allant dans le sens du soutien aux actions du r\u00e9gime en place ont \u00e9t\u00e9 autoris\u00e9es et soutenues, il n\u2019y a pas longtemps. Il en est ainsi de la marche-meeting contre le SYNTSHA, tenue le 27 Septembre 2019 \u00e0 Bobo Dioulasso, dans le m\u00eame contexte de d\u00e9ploiement des forces de d\u00e9fense et de s\u00e9curit\u00e9. Cependant, elle n\u2019a pas \u00e9t\u00e9 jug\u00e9e inopportune\u00a0;<\/li>\n<li>Les vell\u00e9it\u00e9s du r\u00e9gime en place de restreindre les libert\u00e9s publiques sont de plus en plus r\u00e9currentes. En effet, depuis l\u2019av\u00e8nement du r\u00e9gime, nous avons assist\u00e9 \u00e0 plusieurs actes tendant clairement et honteusement \u00e0 denier aux peuples le droit fondamental et l\u00e9gitime \u00e0 la libert\u00e9 d\u2019expression et \u00e0 la d\u00e9nonciation des maux et de la mal gouvernance. A titre d\u2019exemple des manifestations interdites sans motifs valables et des arguties on ne peut plus ubuesques\u00a0: on peut citer dans ce sens l\u2019interdiction par le Maire de Ouagadougou de la marche en septembre 2017 du \u00ab\u00a0collectif des togolais vivants au Burkina Faso\u00a0\u00bb, l\u2019interdiction par le Maire de Bobo Dioulasso de la marche des OSC contre la construction de l\u2019h\u00f4pital de Bobo dans la for\u00eat class\u00e9e de Kua en juin 2019 apr\u00e8s que les partisans de la destruction de cette for\u00eat aient \u00e9t\u00e9 autoris\u00e9s \u00e0 marcher, l\u2019arrestation en octobre 2017 du coordonnateur du CED pour fait de manifestation non autoris\u00e9e et, tout r\u00e9cemment, l\u2019interdiction de la manifestation de l\u2019Unit\u00e9 d\u2019Action Populaire (UAP) le 16 septembre 2019 \u00e0 l\u2019occasion de la journ\u00e9e de mobilisation et d\u2019interpellation.<\/li>\n<\/ol>\n<p>En la mati\u00e8re, le Balai Citoyen note une d\u00e9rive progressive, insidieuse et dangereuse du r\u00e9gime vers l\u2019arbitraire et le deux poids deux mesures dans les d\u00e9cisions. Le privil\u00e8ge est accord\u00e9 aux seuls \u00ab\u00a0vuvuzela\u00a0\u00bb du r\u00e9gime \u00e0 pouvoir s\u2019exprimer sur la voie publique. Nous l\u2019avons d\u2019ailleurs maintes fois signal\u00e9s.<\/p>\n<p>Du reste, l\u2019Afrique de fa\u00e7on g\u00e9n\u00e9rale et le Burkina Faso en particulier gagneraient \u00e0 avoir des domaines de souverainet\u00e9 qu\u2019ils garderaient jalousement pour n\u2019\u00eatre esclaves d\u2019aucun peuple. Sont de ces domaines, la \u00ab\u00a0s\u00e9curit\u00e9 et la d\u00e9fense territoriale\u00a0\u00bb. Nos P\u00e8res \u00e0 l\u2019ind\u00e9pendance juridique se sont battus pour qu\u2019il n\u2019y ait pas de bases militaires \u00e9trang\u00e8res dans notre pays. Rien ne justifie aujourd\u2019hui la complicit\u00e9 flagrante, des gouvernants actuels, avec l\u2019invasion militaire fran\u00e7aise au motif de lutte contre le terrorisme dont les r\u00e9sultats ne sont nullement et d\u2019aucune mani\u00e8re, visibles. Nous interpellons \u00e0 cet effet les Autorit\u00e9s \u00e0 revoir la forme et le fond de la coop\u00e9ration militaire dans le cadre de la lutte contre le terrorisme. Aucun pays ne peut confier sa d\u00e9fense \u00e0 un autre sans \u00eatre le vassal de celui-ci.<\/p>\n<p>Au demeurant, le Balai Citoyen salue la maturit\u00e9 et l\u2019esprit r\u00e9publicain des organisateurs de la marche de d\u00e9nonciation de l\u2019imp\u00e9rialisme pour avoir abandonn\u00e9 la marche et s\u2019\u00eatre d\u00e9port\u00e9s devant la juridiction administrative sur l\u2019interdiction du Maire. L\u2019incivisme au sommet de l\u2019Etat est la m\u00e8re de tous les incivismes et de ses d\u00e9riv\u00e9es. Quelle l\u00e9gitimit\u00e9 peuvent se pr\u00e9valoir des gouvernants qui ne respectent pas la loi, qui exigent le respect de la loi par les citoyens\u00a0?<\/p>\n<p>Le Balai Citoyen tient \u00e0 rappeler aux tenants du r\u00e9gime actuel que les libert\u00e9s d\u00e9mocratiques acquises par le peuple l\u2019ont \u00e9t\u00e9 aux prix de nombreux sacrifices et qu\u2019aucune remise en cause de ses libert\u00e9s, d\u2019aucune fa\u00e7on que ce soit, ne sera tol\u00e9r\u00e9e. Ceux qui r\u00eavent d\u2019une autocratie au Burkina Faso ont int\u00e9r\u00eat \u00e0 revoir leur copie pendant qu\u2019il est encore temps car nous n\u2019accepterons aucun recul d\u00e9mocratique marchand\u00e9 sur le dos des int\u00e9r\u00eats de notre peuple.<\/p>\n<p>\u00a0<\/p>\n<p><strong>Nan Lara, An Sara\u00a0! <\/strong><\/p>\n<p><strong>Notre nombre est notre force\u00a0!<\/strong><\/p>\n<p><strong>\u00a0<\/strong><\/p>\n<p><strong>Pour le Balai Citoyen, la Coordination Nationale<\/strong><\/p>\n<p>L\u2019article <a rel=\"nofollow\" href=\"https:\/\/www.sidwaya.info\/blog\/2019\/10\/17\/interdiction-marche-anti-imperialiste-le-balai-citoyen-proteste\/\">Interdiction-marche anti-imp\u00e9rialiste, le balai citoyen proteste<\/a> est apparu en premier sur <a rel=\"nofollow\" href=\"https:\/\/www.sidwaya.info\/\">Quotidien Sidwaya<\/a>.<\/p>\n<\/div>\n<p>Auteur: BS. Sidwaya<br \/>\n<a href=\"https:\/\/www.sidwaya.info\/blog\/2019\/10\/17\/interdiction-marche-anti-imperialiste-le-balai-citoyen-proteste\/\">Cliquez ici pour lire l&rsquo;article depuis sa source.<\/a><\/p>\n","protected":false},"excerpt":{"rendered":"<p>Protestation du balai citoyen contre l\u2019interdiction de la marche anti-imp\u00e9rialiste pr\u00e9vue par l\u2019organisation d\u00e9mocratique de la jeunesse (ODJ) du Burkina Faso A l\u2019occasion de la 4e \u00e9dition des Journ\u00e9es Anti-Imp\u00e9rialistes organis\u00e9es par l\u2019Organisation D\u00e9mocratique de la Jeunesse (ODJ) du Burkina Faso en collaboration avec d\u2019autres organisations et syndicats sous le th\u00e8me\u00a0\u00ab\u00a0Imp\u00e9rialisme et terrorisme en Afrique\u00a0: [&hellip;]<\/p>\n","protected":false},"author":1816,"featured_media":0,"comment_status":"closed","ping_status":"closed","sticky":false,"template":"","format":"standard","meta":{"fifu_image_url":"","fifu_image_alt":"","footnotes":""},"categories":[73,81],"tags":[],"class_list":["post-64718","post","type-post","status-publish","format-standard","hentry","category-actualite","category-burkina-faso"],"_links":{"self":[{"href":"https:\/\/linitiative.ca\/International\/wp-json\/wp\/v2\/posts\/64718","targetHints":{"allow":["GET"]}}],"collection":[{"href":"https:\/\/linitiative.ca\/International\/wp-json\/wp\/v2\/posts"}],"about":[{"href":"https:\/\/linitiative.ca\/International\/wp-json\/wp\/v2\/types\/post"}],"author":[{"embeddable":true,"href":"https:\/\/linitiative.ca\/International\/wp-json\/wp\/v2\/users\/1816"}],"replies":[{"embeddable":true,"href":"https:\/\/linitiative.ca\/International\/wp-json\/wp\/v2\/comments?post=64718"}],"version-history":[{"count":0,"href":"https:\/\/linitiative.ca\/International\/wp-json\/wp\/v2\/posts\/64718\/revisions"}],"wp:attachment":[{"href":"https:\/\/linitiative.ca\/International\/wp-json\/wp\/v2\/media?parent=64718"}],"wp:term":[{"taxonomy":"category","embeddable":true,"href":"https:\/\/linitiative.ca\/International\/wp-json\/wp\/v2\/categories?post=64718"},{"taxonomy":"post_tag","embeddable":true,"href":"https:\/\/linitiative.ca\/International\/wp-json\/wp\/v2\/tags?post=64718"}],"curies":[{"name":"wp","href":"https:\/\/api.w.org\/{rel}","templated":true}]}}