{"id":64720,"date":"2019-10-17T11:15:01","date_gmt":"2019-10-17T15:15:01","guid":{"rendered":"https:\/\/linitiative.ca\/International\/6e-edition-des-trophees-de-la-paix-pingre-kuni-ce-vendredi\/"},"modified":"2019-10-17T11:15:01","modified_gmt":"2019-10-17T15:15:01","slug":"6e-edition-des-trophees-de-la-paix-pingre-kuni-ce-vendredi","status":"publish","type":"post","link":"https:\/\/linitiative.ca\/International\/6e-edition-des-trophees-de-la-paix-pingre-kuni-ce-vendredi\/","title":{"rendered":"\u00a06e \u00e9dition des troph\u00e9es de la paix, Pingre Kuni ce vendredi"},"content":{"rendered":"<div class=\"td-a-rec td-a-rec-id-content_top td_uid_30_5da8e0bde29ea_rand td_block_template_1\"><img loading=\"lazy\" decoding=\"async\" class=\"aligncenter size-full wp-image-15084\" src=\"https:\/\/www.sidwaya.info\/wp-content\/uploads\/2019\/10\/Bannie%CC%80re.png\" alt=\"\" width=\"720\" height=\"90\"\/><\/div>\n<p><strong>\u00a0<\/strong>Initi\u00e9s pour promouvoir la coh\u00e9sion sociale et consolider la paix au Burkina Faso, les troph\u00e9es de la paix intitul\u00e9s\u00a0<em>\u00ab\u00a0Pingre Kuni\u00a0\u00bb<\/em> sont annonc\u00e9s, cette ann\u00e9e, pour le vendredi 15 novembre 2019 \u00e0 l\u2019espace Dieudonn\u00e9. Cette 6<sup>e<\/sup> \u00e9dition aura pour th\u00e8me\u00a0<em>\u00ab\u00a0Coh\u00e9sion sociale, unit\u00e9 nationale et dialogue inter religieux\u00a0\u00bb.<\/em><\/p>\n<p>BS<\/p>\n<div class=\"td-a-rec td-a-rec-id-content_bottom td_uid_31_5da8e0bde2b97_rand td_block_template_1\"><img loading=\"lazy\" decoding=\"async\" class=\"aligncenter size-full wp-image-9623\" src=\"https:\/\/www.sidwaya.info\/wp-content\/uploads\/2019\/06\/Projet-bannie%CC%80re-Orange-mobile.jpg\" alt=\"\" width=\"728\" height=\"81\"\/><\/div>\n<p>Auteur: BS. Sidwaya<br \/>\n<a href=\"https:\/\/www.sidwaya.info\/blog\/2019\/10\/17\/5e-edition-des-trophees-de-la-paix-pingre-kuni-ce-vendredi\/\">Cliquez ici pour lire l&rsquo;article depuis sa source.<\/a><\/p>\n","protected":false},"excerpt":{"rendered":"<p>\u00a0Initi\u00e9s pour promouvoir la coh\u00e9sion sociale et consolider la paix au Burkina Faso, les troph\u00e9es de la paix intitul\u00e9s\u00a0\u00ab\u00a0Pingre Kuni\u00a0\u00bb sont annonc\u00e9s, cette ann\u00e9e, pour le vendredi 15 novembre 2019 \u00e0 l\u2019espace Dieudonn\u00e9. Cette 6e \u00e9dition aura pour th\u00e8me\u00a0\u00ab\u00a0Coh\u00e9sion sociale, unit\u00e9 nationale et dialogue inter religieux\u00a0\u00bb. BS Auteur: BS. Sidwaya Cliquez ici pour lire l&rsquo;article [&hellip;]<\/p>\n","protected":false},"author":1816,"featured_media":64721,"comment_status":"closed","ping_status":"closed","sticky":false,"template":"","format":"standard","meta":{"fifu_image_url":"","fifu_image_alt":"","footnotes":""},"categories":[73,81],"tags":[],"class_list":["post-64720","post","type-post","status-publish","format-standard","has-post-thumbnail","hentry","category-actualite","category-burkina-faso"],"_links":{"self":[{"href":"https:\/\/linitiative.ca\/International\/wp-json\/wp\/v2\/posts\/64720","targetHints":{"allow":["GET"]}}],"collection":[{"href":"https:\/\/linitiative.ca\/International\/wp-json\/wp\/v2\/posts"}],"about":[{"href":"https:\/\/linitiative.ca\/International\/wp-json\/wp\/v2\/types\/post"}],"author":[{"embeddable":true,"href":"https:\/\/linitiative.ca\/International\/wp-json\/wp\/v2\/users\/1816"}],"replies":[{"embeddable":true,"href":"https:\/\/linitiative.ca\/International\/wp-json\/wp\/v2\/comments?post=64720"}],"version-history":[{"count":0,"href":"https:\/\/linitiative.ca\/International\/wp-json\/wp\/v2\/posts\/64720\/revisions"}],"wp:featuredmedia":[{"embeddable":true,"href":"https:\/\/linitiative.ca\/International\/wp-json\/"}],"wp:attachment":[{"href":"https:\/\/linitiative.ca\/International\/wp-json\/wp\/v2\/media?parent=64720"}],"wp:term":[{"taxonomy":"category","embeddable":true,"href":"https:\/\/linitiative.ca\/International\/wp-json\/wp\/v2\/categories?post=64720"},{"taxonomy":"post_tag","embeddable":true,"href":"https:\/\/linitiative.ca\/International\/wp-json\/wp\/v2\/tags?post=64720"}],"curies":[{"name":"wp","href":"https:\/\/api.w.org\/{rel}","templated":true}]}}