{"id":64722,"date":"2019-10-17T16:18:05","date_gmt":"2019-10-17T20:18:05","guid":{"rendered":"https:\/\/linitiative.ca\/International\/cpi-bensouda-demande-lannulation-de-lacquittement-de-gbagbo-et-ble-goude\/"},"modified":"2019-10-17T16:18:05","modified_gmt":"2019-10-17T20:18:05","slug":"cpi-bensouda-demande-lannulation-de-lacquittement-de-gbagbo-et-ble-goude","status":"publish","type":"post","link":"https:\/\/linitiative.ca\/International\/cpi-bensouda-demande-lannulation-de-lacquittement-de-gbagbo-et-ble-goude\/","title":{"rendered":"CPI: Bensouda demande l\u2019annulation de l\u2019acquittement de Gbagbo et Bl\u00e9 Goud\u00e9"},"content":{"rendered":"<div readability=\"32\">\n<p>Publi\u00e9 le 17.10.2019 \u00e0 21h18 par APA News<\/p>\n<\/div>\n<div readability=\"125\">\n<p>Dans un m\u00e9moire en appel, le procureur de la Cour p\u00e9nale internationale (CPI), Fatou Bensouda, demande l\u2019annulation de la d\u00e9cision d\u2019acquittement de l\u2019ex-pr\u00e9sident ivoirien Gbagbo et son co-accus\u00e9 Charles Bl\u00e9 Goud\u00e9, prononc\u00e9e \u00e0 la majorit\u00e9 des juges le 15 janvier 2019.\u00ab Les proc\u00e9dures en l\u2019esp\u00e8ce \u00e9taient injustes et peu fiables, et la d\u00e9cision a \u00e9t\u00e9 affect\u00e9e par erreurs de droit et de proc\u00e9dure et, par cons\u00e9quent, l\u2019accusation demande respectueusement \u00e0 la Chambre d\u2019appel de renverser la d\u00e9cision \u00bb, \u00e9crit la procureure de la CPI. \u00a0<\/p>\n<p>Selon Mme Bensouda, il serait \u00ab appropri\u00e9 d\u2019annuler l\u2019acquittement oral du 15 janvier 2019 \u00bb, c\u2019est pourquoi son bureau \u00ab demande \u00e0 la Chambre d\u2019appel de d\u00e9clarer un proc\u00e8s en erreur \u00bb. Ce qui devrait la permettre de \u00ab d\u00e9cider de son orientation future et la meilleure mani\u00e8re de rendre justice en l\u2019esp\u00e8ce \u00bb. \u00a0<\/p>\n<p>L\u2019article 83 de la juridiction p\u00e9nale internationale autorise l\u2019annulation d\u2019une d\u00e9cision si elle conclut que la proc\u00e9dure en appel est \u00ab injuste et affecte la fiabilit\u00e9 de la d\u00e9cision, ou que la d\u00e9cision en appel a \u00e9t\u00e9 mat\u00e9riellement affect\u00e9e par des erreurs de droit ou de proc\u00e9dure \u00bb. \u00a0<\/p>\n<p>Elle appelle en outre la Chambre d\u2019appel \u00e0 ordonner la poursuite du proc\u00e8s devant la Chambre de premi\u00e8re instance qui n\u2019est plus constitu\u00e9 et par rapport auquel l\u2019un des juges n\u2019est plus juge \u00e0 la Cour, ou d\u2019ordonner un nouveau proc\u00e8s (ouvrant des possibilit\u00e9s de recours). \u00a0 \u00a0<\/p>\n<p>Pour le procureur de la CPI, les circonstances de ce proc\u00e8s sont \u00ab uniques \u00bb. Car, \u00ab M. Gbagbo et M. Bl\u00e9 Goud\u00e9 ont \u00e9t\u00e9 acquitt\u00e9s sans que la majorit\u00e9 (des juges) soit entr\u00e9e dans une d\u00e9cision d\u2019acquittement appropri\u00e9e et pleinement inform\u00e9e, comme l\u2019exige le Statut \u00bb. \u00a0<\/p>\n<p>MM. Gbagbo et Bl\u00e9 Goud\u00e9 ont \u00e9galement \u00e9t\u00e9 \u00ab acquitt\u00e9s sans que la majorit\u00e9 (des juges) se soit dirig\u00e9e vers la norme juridique appropri\u00e9e ou l\u2019approche de la preuve \u00bb, ce qui a \u00ab n\u00e9cessairement rendu leur analyse inexacte et impr\u00e9visible \u00bb. De ce fait, \u00ab ni le processus, ni le r\u00e9sultat n\u2019\u00e9taient fiables \u00bb. \u00a0<\/p>\n<p>\u00ab De telles circonstances exigent une d\u00e9claration d\u2019erreur \u00bb, soutient Fatou Bensouda, compte tenu de la mani\u00e8re dont ces acquittements ont \u00e9t\u00e9 rendus, notamment \u00ab la confiance dans la proc\u00e9dure de cette affaire qui a \u00e9t\u00e9 gravement alt\u00e9r\u00e9e \u00bb. \u00a0 \u00a0<\/p>\n<p>\u00a0\u00ab La majorit\u00e9 (des juges) a commis une erreur de droit en infirmant ses conclusions factuelles et la d\u00e9cision elle-m\u00eame. Bien que les deux juges \u00e0 la majorit\u00e9 se soient entendus sur leurs conclusions g\u00e9n\u00e9rales, ils n\u2019ont pas d\u00e9fini les normes juridiques et de preuve qu\u2019ils jugeaient applicables \u00e0 la proc\u00e9dure avant d\u2019\u00e9valuer les preuves et d\u2019acquitter M. Gbagbo et Bl\u00e9 Goud\u00e9 \u00bb, d\u00e9taille-t-elle. \u00a0<\/p>\n<p>Pour ces raisons, \u00ab le procureur demande respectueusement (\u00e0 la Chambre), pour faire droit \u00e0 son appel, d\u2019annuler la d\u00e9cision d\u2019acquittement oral rendue le 15 janvier 2019, acquittant MM. Gbagbo et Bl\u00e9 Goud\u00e9 et d\u00e9clarer un proc\u00e8s en erreur \u00bb, poursuit le texte. \u00a0<\/p>\n<p>En acquittant MM. Gbagbo et Bl\u00e9 Goud\u00e9 \u00ab\u00a0sans s\u2019\u00eatre au pr\u00e9alable ordonn\u00e9 de quelles normes il appliquerait pour ses \u00e9valuations factuelles\u00a0(\u2026) la majorit\u00e9 a commis une erreur de droit et de proc\u00e9dure\u00a0\u00bb\u00a0; insiste-t-elle.<\/p>\n<p>\u00ab Le temps qui s\u2019est \u00e9coul\u00e9 entre le verdict oral de la Chambre et ses motifs (182 jours), montre en outre que le raisonnement n\u00e9cessaire de la majorit\u00e9 du processus n\u2019avait pas \u00e9t\u00e9 achev\u00e9 \u00e0 la date de la d\u00e9cision d\u2019acquittement oral du 15 janvier 2019 \u00bb, souligne par ailleurs le procureur de la CPI. \u00a0<\/p>\n<p>Dans son opinion dissidente relative \u00e0 la d\u00e9cision d\u2019acquittement oral rendue le 15 janvier 2019, la juge Herrera Carbuccia avait fait remarquer que \u00absi un juge avait analys\u00e9 tous les faits et la preuve qui lui est pr\u00e9sent\u00e9e, le juge doit \u00eatre en mesure de d\u00e9livrer une d\u00e9cision ou du moins, donner aux parties un d\u00e9lai strict pour en exposer les motifs \u00bb. En l\u2019esp\u00e8ce, \u00ab la majorit\u00e9 n\u2019a pas rendu de d\u00e9cision motiv\u00e9e le 15 janvier 2019 \u00bb, rel\u00e8ve Mme Bensouda. \u00a0\u00a0<\/p>\n<p>Le procureur de la CPI a fait appel mi-septembre contre l\u2019acquittement de M. Gbagbo et de son co-accus\u00e9 Charles Bl\u00e9 Goud\u00e9. Le 16 juillet 2019, la Chambre de premi\u00e8re instance I avait d\u00e9pos\u00e9 les motifs complets de leur acquittement.<\/p>\n<\/div>\n<p>Auteur: APA News<br \/>\n<a href=\"https:\/\/www.journalducameroun.com\/cpi-bensouda-demande-lannulation-de-lacquittement-de-gbagbo-et-ble-goude\/\">Cliquez ici pour lire l&rsquo;article depuis sa source.<\/a><\/p>\n","protected":false},"excerpt":{"rendered":"<p>Publi\u00e9 le 17.10.2019 \u00e0 21h18 par APA News Dans un m\u00e9moire en appel, le procureur de la Cour p\u00e9nale internationale (CPI), Fatou Bensouda, demande l\u2019annulation de la d\u00e9cision d\u2019acquittement de l\u2019ex-pr\u00e9sident ivoirien Gbagbo et son co-accus\u00e9 Charles Bl\u00e9 Goud\u00e9, prononc\u00e9e \u00e0 la majorit\u00e9 des juges le 15 janvier 2019.\u00ab Les proc\u00e9dures en l\u2019esp\u00e8ce \u00e9taient injustes [&hellip;]<\/p>\n","protected":false},"author":1965,"featured_media":0,"comment_status":"closed","ping_status":"closed","sticky":false,"template":"","format":"standard","meta":{"fifu_image_url":"","fifu_image_alt":"","footnotes":""},"categories":[73,82],"tags":[],"class_list":["post-64722","post","type-post","status-publish","format-standard","hentry","category-actualite","category-cameroun"],"_links":{"self":[{"href":"https:\/\/linitiative.ca\/International\/wp-json\/wp\/v2\/posts\/64722","targetHints":{"allow":["GET"]}}],"collection":[{"href":"https:\/\/linitiative.ca\/International\/wp-json\/wp\/v2\/posts"}],"about":[{"href":"https:\/\/linitiative.ca\/International\/wp-json\/wp\/v2\/types\/post"}],"author":[{"embeddable":true,"href":"https:\/\/linitiative.ca\/International\/wp-json\/wp\/v2\/users\/1965"}],"replies":[{"embeddable":true,"href":"https:\/\/linitiative.ca\/International\/wp-json\/wp\/v2\/comments?post=64722"}],"version-history":[{"count":0,"href":"https:\/\/linitiative.ca\/International\/wp-json\/wp\/v2\/posts\/64722\/revisions"}],"wp:attachment":[{"href":"https:\/\/linitiative.ca\/International\/wp-json\/wp\/v2\/media?parent=64722"}],"wp:term":[{"taxonomy":"category","embeddable":true,"href":"https:\/\/linitiative.ca\/International\/wp-json\/wp\/v2\/categories?post=64722"},{"taxonomy":"post_tag","embeddable":true,"href":"https:\/\/linitiative.ca\/International\/wp-json\/wp\/v2\/tags?post=64722"}],"curies":[{"name":"wp","href":"https:\/\/api.w.org\/{rel}","templated":true}]}}