{"id":64723,"date":"2019-10-17T16:50:03","date_gmt":"2019-10-17T20:50:03","guid":{"rendered":"https:\/\/linitiative.ca\/International\/droit-de-vote-des-personnes-en-situation-de-handicap-mental-une-etape-apres-lautre\/"},"modified":"2019-10-17T16:50:03","modified_gmt":"2019-10-17T20:50:03","slug":"droit-de-vote-des-personnes-en-situation-de-handicap-mental-une-etape-apres-lautre","status":"publish","type":"post","link":"https:\/\/linitiative.ca\/International\/droit-de-vote-des-personnes-en-situation-de-handicap-mental-une-etape-apres-lautre\/","title":{"rendered":"Droit de vote des personnes en situation de handicap mental: une \u00e9tape apr\u00e8s l\u2019autre"},"content":{"rendered":"<div readability=\"32\">\n<p>Publi\u00e9 le 17.10.2019 \u00e0 21h50 par AFP<\/p>\n<\/div>\n<div readability=\"150\">\n<p>Le droit de vote pour les personnes en situation de handicap mental a th\u00e9oriquement permis depuis mars 2019 \u00e0 300.000 nouveaux \u00e9lecteurs d\u2019aller voter, mais \u00e0 quelques mois des municipales sa mise en pratique reste d\u00e9licate.<\/p>\n<p>\u00ab\u00a0Le vote est la forme la plus aboutie de la citoyennet\u00e9 mais un travail de fond est encore n\u00e9cessaire\u00a0\u00bb, estime Anny Bourdaleix, animatrice de l\u2019Ancreai (f\u00e9d\u00e9ration des centres r\u00e9gionaux d\u2019\u00e9tudes, d\u2019actions et d\u2019informations, en faveur des personnes en situation de vuln\u00e9rabilit\u00e9).<\/p>\n<p>Selon une enqu\u00eate nationale r\u00e9alis\u00e9e entre juin et ao\u00fbt 2019 aupr\u00e8s de 1.300 personnes en situation de handicap intellectuel ou psychique, et pr\u00e9sent\u00e9e dans un colloque d\u00e9but octobre sur le th\u00e8me \u00ab\u00a0faciliter la participation \u00e9lectorale\u00a0\u00bb, presque 6 personnes sur 10 d\u00e9claraient poss\u00e9der une carte \u00e9lectorale mais deux sur 10 affirmaient ne pas \u00eatre inform\u00e9s de ce nouveau droit.<\/p>\n<p>Pr\u00e9alable \u00e0 tout processus de vote, quelque 3.000 personnes en situation de handicap mental se sont inscrites sur les listes lors des \u00e9lections europ\u00e9ennes en mai 2019, et ce, alors qu\u2019elles n\u2019avaient que quelques semaines pour le faire.<\/p>\n<p>Cependant, selon l\u2019Ancreai la plupart des personnes qui avaient pris la peine de s\u2019inscrire, ont \u00e9t\u00e9 voter, amenant \u00ab\u00a0le taux de participation \u00e0 80%\u00a0\u00bb. Certains de ces nouveaux \u00e9lecteurs ont \u00ab\u00a0m\u00eame tenu des bureaux de vote et particip\u00e9 au d\u00e9pouillement\u00a0\u00bb.<\/p>\n<p>Guylaine Layec, 34 ans qui souffre de d\u00e9ficience intellectuelle, est all\u00e9e, accompagn\u00e9e de sa m\u00e8re, proc\u00e9der \u00e0 son inscription \u00ab\u00a0\u00e0 temps pour les \u00e9lections\u00a0\u00bb car, pour elle, \u00ab\u00a0voter est un devoir citoyen\u00a0\u00bb, explique-t-elle \u00e0 l\u2019AFP.<\/p>\n<p>Plusieurs initiatives ont \u00e9t\u00e9 prises pour poursuivre cet effort lors des municipales de mars. Un guide \u00ab\u00a0Vote et handicap\u00a0\u00bb d\u00e9taille ainsi les conditions pratiques du vote et a \u00e9t\u00e9 mis en ligne par l\u2019Unapei (Union nationale des associations de parents, de personnes handicap\u00e9es mentales et de leurs amis). L\u2019Association des maires de France a assur\u00e9 \u00e0 l\u2019AFP qu\u2019une sensibilisation de ses adh\u00e9rents \u00e0 cette question \u00e9tait pr\u00e9vue.<\/p>\n<p>\u2013 \u00ab\u00a0Dur de choisir un candidat!\u00a0\u00bb \u2013<\/p>\n<p>D\u2019autres id\u00e9es, recens\u00e9es par l\u2019Ancreai, sont mises en \u0153uvre sur le terrain: des ateliers d\u2019entra\u00eenement au vote d\u00e9roulant le rite r\u00e9publicain, depuis l\u2019arriv\u00e9e au bureau de vote, la disposition des bulletins, la signature sur le registre, jusqu\u2019au bulletin tombant dans l\u2019urne au solennel \u00ab\u00a0a vot\u00e9\u00a0\u00bb.<\/p>\n<p>Mais voter suppose \u00e9galement de choisir son candidat. L\u2019historien Maurice Agulhon, sp\u00e9cialiste du suffrage universel, rappelait dans le cadre de la r\u00e9flexion ayant men\u00e9 au vote de la loi, que \u00ab\u00a0l\u2019apprentissage de la R\u00e9publique\u00a0\u00bb n\u2019a pas pr\u00e9c\u00e9d\u00e9 le droit de vote, \u00ab\u00a0il en est le fruit\u00a0\u00bb.<\/p>\n<p>\u00ab\u00a0Disposer du droit de vote et en user, c\u2019est apprendre \u00e0 s\u2019en servir, donc apprendre \u00e0 discuter, \u00e0 d\u00e9battre des affaires publiques, \u00e0 faire de la politique enfin\u00a0\u00bb, expliquait-il.<\/p>\n<p>Monitrice \u00e0 l\u2019Esat (\u00c9tablissement et service d\u2019aide par le travail) des Cerisiers \u00e0 Paris, Sylviane Gu\u00e9rin assure que \u00ab\u00a0le chemin vers la citoyennet\u00e9 sera long\u00a0\u00bb. \u00ab\u00a0Pour certaines des personnes dont je m\u2019occupe, il faudra du temps pour se forger une opinion politique\u00a0\u00bb, reconna\u00eet-elle.<\/p>\n<p>\u00ab\u00a0C\u2019est dur de choisir un candidat ! Parfois on se dispute entre nous: pourquoi t\u2019as pas vot\u00e9 pour pour lui? qu\u2019est-ce que tu lui trouves \u00e0 celui-l\u00e0?\u00a0\u00bb, raconte Ga\u00ebtan Gombert, 35 ans, qui avait particip\u00e9 au d\u00e9pouillement dans la commune de Bailleul (Nord).<\/p>\n<p>Nouveaut\u00e9 pour pr\u00e9parer les municipales: une application t\u00e9l\u00e9chargeable gratuitement en novembre d\u00e9crira concr\u00e8tement le processus de vote. Pour son d\u00e9veloppeur Thierry Dimbour, \u00ab\u00a0il ne s\u2019agira pas de gagner ou de perdre mais de comprendre ce qu\u2019implique ce droit et d\u2019apprendre comment voter\u00a0\u00bb.<\/p>\n<p>D\u00e9but octobre, Sophie Cluzel, secr\u00e9taire d\u2019\u00c9tat charg\u00e9e des personnes handicap\u00e9es, s\u2019est engag\u00e9e \u00e0 interpeller tous les candidats des partis politiques pour que leurs professions de foi soient r\u00e9dig\u00e9es en FALC, Fran\u00e7ais facile \u00e0 lire et \u00e0 comprendre. \u00ab\u00a0Une clarification des programmes qui, gr\u00e2ce aux personnes handicap\u00e9es, sera profitable \u00e0 l\u2019ensemble de nos concitoyens\u00a0\u00bb, a-t-elle d\u00e9clar\u00e9.<\/p>\n<p>Plus la participation \u00e0 la vie politique des personnes en situation de handicap mental sera forte, plus elles s\u2019approcheront de \u00ab\u00a0la prochaine \u00e9tape\u00a0\u00bb selon elle: \u00ab\u00a0l\u2019\u00e9ligibilit\u00e9 des personnes handicap\u00e9es\u00a0\u00bb.<\/p>\n<\/div>\n<p>Auteur: AFP<br \/>\n<a href=\"https:\/\/www.journalducameroun.com\/droit-de-vote-des-personnes-en-situation-de-handicap-mental-une-etape-apres-lautre\/\">Cliquez ici pour lire l&rsquo;article depuis sa source.<\/a><\/p>\n","protected":false},"excerpt":{"rendered":"<p>Publi\u00e9 le 17.10.2019 \u00e0 21h50 par AFP Le droit de vote pour les personnes en situation de handicap mental a th\u00e9oriquement permis depuis mars 2019 \u00e0 300.000 nouveaux \u00e9lecteurs d\u2019aller voter, mais \u00e0 quelques mois des municipales sa mise en pratique reste d\u00e9licate. \u00ab\u00a0Le vote est la forme la plus aboutie de la citoyennet\u00e9 mais [&hellip;]<\/p>\n","protected":false},"author":1965,"featured_media":0,"comment_status":"closed","ping_status":"closed","sticky":false,"template":"","format":"standard","meta":{"fifu_image_url":"","fifu_image_alt":"","footnotes":""},"categories":[73,82],"tags":[],"class_list":["post-64723","post","type-post","status-publish","format-standard","hentry","category-actualite","category-cameroun"],"_links":{"self":[{"href":"https:\/\/linitiative.ca\/International\/wp-json\/wp\/v2\/posts\/64723","targetHints":{"allow":["GET"]}}],"collection":[{"href":"https:\/\/linitiative.ca\/International\/wp-json\/wp\/v2\/posts"}],"about":[{"href":"https:\/\/linitiative.ca\/International\/wp-json\/wp\/v2\/types\/post"}],"author":[{"embeddable":true,"href":"https:\/\/linitiative.ca\/International\/wp-json\/wp\/v2\/users\/1965"}],"replies":[{"embeddable":true,"href":"https:\/\/linitiative.ca\/International\/wp-json\/wp\/v2\/comments?post=64723"}],"version-history":[{"count":0,"href":"https:\/\/linitiative.ca\/International\/wp-json\/wp\/v2\/posts\/64723\/revisions"}],"wp:attachment":[{"href":"https:\/\/linitiative.ca\/International\/wp-json\/wp\/v2\/media?parent=64723"}],"wp:term":[{"taxonomy":"category","embeddable":true,"href":"https:\/\/linitiative.ca\/International\/wp-json\/wp\/v2\/categories?post=64723"},{"taxonomy":"post_tag","embeddable":true,"href":"https:\/\/linitiative.ca\/International\/wp-json\/wp\/v2\/tags?post=64723"}],"curies":[{"name":"wp","href":"https:\/\/api.w.org\/{rel}","templated":true}]}}