{"id":64724,"date":"2019-10-17T16:50:05","date_gmt":"2019-10-17T20:50:05","guid":{"rendered":"https:\/\/linitiative.ca\/International\/destitution-trump-avait-bien-lie-une-aide-a-lukraine-a-une-enquete-politique\/"},"modified":"2019-10-17T16:50:05","modified_gmt":"2019-10-17T20:50:05","slug":"destitution-trump-avait-bien-lie-une-aide-a-lukraine-a-une-enquete-politique","status":"publish","type":"post","link":"https:\/\/linitiative.ca\/International\/destitution-trump-avait-bien-lie-une-aide-a-lukraine-a-une-enquete-politique\/","title":{"rendered":"Destitution: Trump avait bien li\u00e9 une aide \u00e0 l\u2019Ukraine \u00e0 une enqu\u00eate politique"},"content":{"rendered":"<div readability=\"32\">\n<p>Publi\u00e9 le 17.10.2019 \u00e0 21h50 par AFP<\/p>\n<\/div>\n<div readability=\"140\">\n<p>Un aveu surprenant de la Maison Blanche sur le gel d\u2019une aide \u00e0 l\u2019Ukraine et un t\u00e9moignage sur le r\u00f4le central confi\u00e9 \u00e0 l\u2019avocat personnel de Donald Trump dans la diplomatie envers ce pays ont nourri jeudi l\u2019enqu\u00eate ouverte par les d\u00e9mocrates en vue destituer le pr\u00e9sident.<\/p>\n<p>Le chef de cabinet de la Maison Blanche a reconnu au d\u00e9tour d\u2019une conf\u00e9rence de presse que Donald Trump avait suspendu une aide militaire \u00e0 l\u2019Ukraine en partie pour la forcer \u00e0 contribuer \u00e0 une enqu\u00eate li\u00e9e \u00e0 la politique am\u00e9ricaine.<\/p>\n<p>Mick Mulvaney a toutefois assur\u00e9 que cela \u00ab\u00a0n\u2019avait absolument rien \u00e0 voir\u00a0\u00bb avec l\u2019ancien vice-pr\u00e9sident Joe Biden, qui pourrait porter les couleurs d\u00e9mocrates lors de la pr\u00e9sidentielle de 2020.<\/p>\n<p>L\u2019administration r\u00e9publicaine avait gel\u00e9 en juillet pr\u00e8s de 400 millions de dollars destin\u00e9s \u00e0 l\u2019Ukraine, qui ont finalement \u00e9t\u00e9 d\u00e9bloqu\u00e9s en septembre. Cette d\u00e9cision est au coeur de l\u2019enqu\u00eate ouverte il y a trois semaines par les parlementaires d\u00e9mocrates dans le cadre de l\u2019explosive proc\u00e9dure d&rsquo;\u00a0\u00bbimpeachment\u00a0\u00bb.<\/p>\n<p>Les \u00e9lus de l\u2019opposition veulent savoir si Donald Trump, qui a demand\u00e9 \u00e0 la fin juillet \u00e0 son homologue ukrainien d\u2019enqu\u00eater sur Joe Biden, avait suspendu l\u2019argent pour le forcer \u00e0 coop\u00e9rer.<\/p>\n<p>Le milliardaire r\u00e9publicain mart\u00e8le qu\u2019il n\u2019a exerc\u00e9 aucune pression sur Volodymyr Zelensky et que l\u2019aide avait \u00e9t\u00e9 gel\u00e9e le temps d\u2019\u00e9valuer l\u2019assistance apport\u00e9e \u00e0 l\u2019Ukraine par ses autres partenaires occidentaux.<\/p>\n<p>Jeudi, pour la premi\u00e8re fois, la Maison Blanche a reconnu que Donald Trump avait d\u2019autres motivations.<\/p>\n<p>\u00ab\u00a0A-t-il mentionn\u00e9 en passant la corruption li\u00e9e au serveur informatique du parti d\u00e9mocrate ? Absolument, il n\u2019y a aucun doute \u00e0 ce sujet, c\u2019est pour \u00e7a que nous avons gel\u00e9 l\u2019argent\u00a0\u00bb, a d\u00e9clar\u00e9 M. Mulvaney, en jugeant cette requ\u00eate tout \u00e0 fait \u00ab\u00a0appropri\u00e9e\u00a0\u00bb.<\/p>\n<p>\u2013 \u00ab\u00a0D\u00e9\u00e7u\u00a0\u00bb \u2013<\/p>\n<p>Le directeur de cabinet faisait r\u00e9f\u00e9rence \u00e0 une th\u00e9orie n\u00e9e dans les cercles complotistes et relay\u00e9e par Donald Trump et ses proches, selon laquelle l\u2019Ukraine aurait pirat\u00e9 les e-mails du parti d\u00e9mocrate lors de la pr\u00e9sidentielle am\u00e9ricaine de 2016 et non la Russie, comme l\u2019ont \u00e9tabli les services de renseignements am\u00e9ricains.<\/p>\n<p>Cet argument a \u00e9t\u00e9 avanc\u00e9 pour d\u00e9cr\u00e9dibiliser l\u2019enqu\u00eate sur les soup\u00e7ons de collusion entre Moscou et l\u2019\u00e9quipe de campagne du candidat r\u00e9publicain, qui a assombri les deux premi\u00e8res ann\u00e9es de son mandat.<\/p>\n<p>L\u2019avocat personnel et fervent d\u00e9fenseur de Donald Trump, Rudy Giuliani, est l\u2019un des principaux relais de cette th\u00e9orie ainsi que des all\u00e9gations de \u00ab\u00a0corruption\u00a0\u00bb visant Joe Biden dont le fils Hunter a fait des affaires en Ukraine.<\/p>\n<p>Il y a plusieurs mois, M. Giuliani a entam\u00e9 une campagne pour tenter de convaincre les autorit\u00e9s ukrainiennes d\u2019ouvrir des enqu\u00eates officielles sur ces deux sujets.<\/p>\n<p>Donald Trump a \u00ab\u00a0ordonn\u00e9\u00a0\u00bb aux diplomates en charge du dossier ukrainien de travailler avec lui, a r\u00e9v\u00e9l\u00e9 jeudi l\u2019ambassadeur am\u00e9ricain aupr\u00e8s de l\u2019Union europ\u00e9enne (UE), Gordon Sondland, lors d\u2019une audition devant les commissions de la Chambre des repr\u00e9sentants.<\/p>\n<p>\u00ab\u00a0Nous avons \u00e9t\u00e9 d\u00e9\u00e7us par l\u2019ordre du pr\u00e9sident d\u2019impliquer M. Giuliani\u00a0\u00bb, a d\u00e9clar\u00e9 cet homme d\u2019affaires pourtant proche de Donald Trump.<\/p>\n<p>\u2013 \u00ab\u00a0Huit t\u00e9moins\u00a0\u00bb \u2013<\/p>\n<p>Lors des \u00e9changes qui ont suivi, l\u2019ancien maire de New York leur a fait savoir que Donald Trump voulait que son homologue ukrainien fasse \u00ab\u00a0une d\u00e9claration publique sur la lutte contre la corruption\u00a0\u00bb, a poursuivi M. Sondland.<\/p>\n<p>Selon lui, Rudy Giuliani a \u00ab\u00a0mentionn\u00e9 pr\u00e9cis\u00e9ment deux sujets d\u2019enqu\u00eate importants pour le pr\u00e9sident\u00a0\u00bb: le \u00ab\u00a0serveur informatique d\u00e9mocrate\u00a0\u00bb et le groupe gazier Burisma, pour lequel travaillait Hunter Biden.<\/p>\n<p>\u00ab\u00a0Je n\u2019ai compris que bien plus tard que l\u2019un des objectifs de M. Giuliani \u00e9tait peut-\u00eatre (\u2026) d\u2019impliquer directement ou indirectement, les Ukrainiens dans la campagne de r\u00e9\u00e9lection du pr\u00e9sident pour 2020\u00a0\u00bb, a assur\u00e9 l\u2019ambassadeur.<\/p>\n<p>Malgr\u00e9 les efforts de la Maison Blanche pour bloquer l\u2019enqu\u00eate des d\u00e9mocrates, M. Sondland est le huiti\u00e8me t\u00e9moin entendu par les parlementaires.<\/p>\n<p>Les d\u00e9mocrates affichent leur volont\u00e9 d\u2019aller vite vers la mise en accusation du pr\u00e9sident, une pr\u00e9rogative de la chambre basse du Congr\u00e8s qu\u2019ils contr\u00f4lent.<\/p>\n<p>Il reviendra ensuite, selon la Constitution, au S\u00e9nat de juger si M. Trump doit \u00eatre destitu\u00e9. Compte tenu de la majorit\u00e9 r\u00e9publicaine dans cette enceinte, cette perspective para\u00eet peu probable \u00e0 ce stade.<\/p>\n<\/div>\n<p>Auteur: AFP<br \/>\n<a href=\"https:\/\/www.journalducameroun.com\/destitution-trump-avait-bien-lie-une-aide-a-lukraine-a-une-enquete-politique\/\">Cliquez ici pour lire l&rsquo;article depuis sa source.<\/a><\/p>\n","protected":false},"excerpt":{"rendered":"<p>Publi\u00e9 le 17.10.2019 \u00e0 21h50 par AFP Un aveu surprenant de la Maison Blanche sur le gel d\u2019une aide \u00e0 l\u2019Ukraine et un t\u00e9moignage sur le r\u00f4le central confi\u00e9 \u00e0 l\u2019avocat personnel de Donald Trump dans la diplomatie envers ce pays ont nourri jeudi l\u2019enqu\u00eate ouverte par les d\u00e9mocrates en vue destituer le pr\u00e9sident. Le [&hellip;]<\/p>\n","protected":false},"author":1965,"featured_media":0,"comment_status":"closed","ping_status":"closed","sticky":false,"template":"","format":"standard","meta":{"fifu_image_url":"","fifu_image_alt":"","footnotes":""},"categories":[73,82],"tags":[],"class_list":["post-64724","post","type-post","status-publish","format-standard","hentry","category-actualite","category-cameroun"],"_links":{"self":[{"href":"https:\/\/linitiative.ca\/International\/wp-json\/wp\/v2\/posts\/64724","targetHints":{"allow":["GET"]}}],"collection":[{"href":"https:\/\/linitiative.ca\/International\/wp-json\/wp\/v2\/posts"}],"about":[{"href":"https:\/\/linitiative.ca\/International\/wp-json\/wp\/v2\/types\/post"}],"author":[{"embeddable":true,"href":"https:\/\/linitiative.ca\/International\/wp-json\/wp\/v2\/users\/1965"}],"replies":[{"embeddable":true,"href":"https:\/\/linitiative.ca\/International\/wp-json\/wp\/v2\/comments?post=64724"}],"version-history":[{"count":0,"href":"https:\/\/linitiative.ca\/International\/wp-json\/wp\/v2\/posts\/64724\/revisions"}],"wp:attachment":[{"href":"https:\/\/linitiative.ca\/International\/wp-json\/wp\/v2\/media?parent=64724"}],"wp:term":[{"taxonomy":"category","embeddable":true,"href":"https:\/\/linitiative.ca\/International\/wp-json\/wp\/v2\/categories?post=64724"},{"taxonomy":"post_tag","embeddable":true,"href":"https:\/\/linitiative.ca\/International\/wp-json\/wp\/v2\/tags?post=64724"}],"curies":[{"name":"wp","href":"https:\/\/api.w.org\/{rel}","templated":true}]}}