{"id":64725,"date":"2019-10-17T17:50:03","date_gmt":"2019-10-17T21:50:03","guid":{"rendered":"https:\/\/linitiative.ca\/International\/syrie-trump-clame-victoire-mais-erdogan-remporte-la-mise\/"},"modified":"2019-10-17T17:50:03","modified_gmt":"2019-10-17T21:50:03","slug":"syrie-trump-clame-victoire-mais-erdogan-remporte-la-mise","status":"publish","type":"post","link":"https:\/\/linitiative.ca\/International\/syrie-trump-clame-victoire-mais-erdogan-remporte-la-mise\/","title":{"rendered":"Syrie: Trump clame victoire mais Erdogan remporte la mise"},"content":{"rendered":"<p>Accus\u00e9 d\u2019avoir laiss\u00e9 la Turquie attaquer les alli\u00e9s kurdes des Etats-Unis en Syrie, Donald Trump a finalement obtenu jeudi un accord qui lui permet de calmer le jeu \u00e0 court terme, mais qui est aussi d\u00e9nonc\u00e9 comme une capitulation face aux revendications turques.<\/p>\n<p>Apr\u00e8s onze jours de soubresauts, le vice-pr\u00e9sident am\u00e9ricain Mike Pence a affirm\u00e9 avoir arrach\u00e9 un \u00ab\u00a0cessez-le-feu\u00a0\u00bb au chef de l\u2019Etat turc Recep Tayyip Erdogan apr\u00e8s plus de quatre heures de tractations \u00e0 Ankara. C\u2019est qu\u2019il \u00e9tait venu chercher, \u00e0 la demande du pr\u00e9sident des Etats-Unis.<\/p>\n<p>Les autorit\u00e9s turques ont toutefois contest\u00e9 la qualification de \u00ab\u00a0cessez-le-feu\u00a0\u00bb, qui ne figure pas dans la d\u00e9claration conjointe am\u00e9ricano-turque.<\/p>\n<p>\u00ab\u00a0Pence et Erdogan ont conclu un accord qui permet aux deux parties de clamer victoire aupr\u00e8s de leurs \u00e9lecteurs respectifs\u00a0\u00bb, dit \u00e0 l\u2019AFP Nicholas Danforth, expert au German Marshall Fund of the United States.<\/p>\n<p>De fait, Donald Trump a imm\u00e9diatement salu\u00e9 un \u00ab\u00a0grand jour pour la civilisation\u00a0\u00bb et, plus modestement, pour les Etats-Unis, la Turquie et les Kurdes. \u00ab\u00a0Nous avons obtenu tout ce dont nous aurions pu r\u00eaver\u00a0\u00bb, s\u2019est-il enthousiasm\u00e9.<\/p>\n<p>Signe qu\u2019il est partiellement parvenu \u00e0 ses fins, au moins sur la sc\u00e8ne politique am\u00e9ricaine, le s\u00e9nateur Lindsey Graham, \u00e0 la t\u00eate de la fronde dans son propre camp r\u00e9publicain, a applaudi de \u00ab\u00a0r\u00e9els progr\u00e8s\u00a0\u00bb. Une d\u00e9claration qui semble \u00e9loigner le spectre des sanctions \u00ab\u00a0infernales\u00a0\u00bb que cet alli\u00e9 de la Maison Blanche voulait imposer \u00e0 Ankara.<\/p>\n<p>\u2013 Le projet turc \u00ab\u00a0ratifi\u00e9\u00a0\u00bb \u2013<\/p>\n<p>Concr\u00e8tement, la Turquie s\u2019est engag\u00e9e \u00e0 suspendre pendant cinq jours son offensive lanc\u00e9e le 9 octobre dans le nord de la Syrie, pour permettre aux forces kurdes de se retirer d\u2019une \u00ab\u00a0zone de s\u00e9curit\u00e9\u00a0\u00bb d\u2019une profondeur de 32 km le long de la fronti\u00e8re turque. L\u2019op\u00e9ration prendra d\u00e9finitivement fin si ce retrait est bien r\u00e9el \u00e0 l\u2019expiration du d\u00e9lai.<\/p>\n<p>\u00ab\u00a0Les Etats-Unis viennent de ratifier le projet de la Turquie visant \u00e0 repousser sa fronti\u00e8re de 30 km \u00e0 l\u2019int\u00e9rieur de la Syrie, sans \u00eatre en mesure d\u2019influencer de mani\u00e8re significative les \u00e9v\u00e9nements sur le terrain\u00a0\u00bb, a r\u00e9sum\u00e9, cinglant, l\u2019ex-\u00e9missaire am\u00e9ricain pour la lutte antijihadiste Brett McGurk, qui a d\u00e9missionn\u00e9 en d\u00e9cembre lorsque le pr\u00e9sident Trump avait amorc\u00e9 le retrait militaire am\u00e9ricain.<\/p>\n<p>Cette \u00ab\u00a0zone de s\u00e9curit\u00e9\u00a0\u00bb \u00e9tait une vieille revendication du pr\u00e9sident Erdogan, qui accuse de \u00ab\u00a0terrorisme\u00a0\u00bb les miliciens kurdes des Unit\u00e9s de protection du peuple (YPG) et redoute de voir un embryon d\u2019Etat kurde aux portes de la Turquie alimenter les aspirations s\u00e9paratistes dans son pays.<\/p>\n<p>Or, avant l\u2019offensive du 9 octobre, Am\u00e9ricains et Turcs avaient entam\u00e9 l\u2019instauration d\u2019une telle zone tampon en menant des patrouilles conjointes. Selon l\u2019accord am\u00e9ricano-turc, les troupes d\u2019Ankara seront maintenant en premi\u00e8re ligne pour y faire r\u00e9gner l\u2019ordre, les forces am\u00e9ricaines ayant quitt\u00e9 les lieux.<\/p>\n<p>Car entretemps, la donne a \u00e9t\u00e9 totalement boulevers\u00e9e.<\/p>\n<p>Et pour nombre d\u2019observateurs, c\u2019est Donald Trump qui a permis ce s\u00e9isme, en laissant le champ libre \u00e0 Recep Tayyip Erdogan pour lancer son attaque. Un feu vert de facto qui s\u2019est concr\u00e9tis\u00e9 par le retrait des troupes am\u00e9ricaines des abords de la fronti\u00e8re puis, face \u00e0 l\u2019avanc\u00e9e turque, de tout le nord syrien.<\/p>\n<p>\u2013 \u00ab\u00a0T\u00eate dans le sable\u00a0\u00bb \u2013<\/p>\n<p>Washington doit maintenant convaincre les forces kurdes syriennes, \u00ab\u00a0tenues \u00e0 l\u2019\u00e9cart des n\u00e9gociations\u00a0\u00bb, de se retirer en \u00ab\u00a0renon\u00e7ant \u00e0 leur territoire le long de la fronti\u00e8re turque\u00a0\u00bb, estime Nicholas Heras, du cercle de r\u00e9flexion Center for a New American Security.<\/p>\n<p>\u00ab\u00a0Erdogan n\u2019aurait pas pu demander davantage \u00e0 Trump.\u00a0\u00bb<\/p>\n<p>L\u2019administration am\u00e9ricaine mart\u00e8le que ses sanctions contre la Turquie ont fait plier Ankara. Elle a promis de les abroger d\u00e8s que le \u00ab\u00a0cessez-le-feu\u00a0\u00bb sera permanent.<\/p>\n<p>Donald Trump peut aussi se targuer d\u2019avoir tenu, bien que dans la pr\u00e9cipitation, sa promesse de d\u00e9sengagement d\u2019une des \u00ab\u00a0guerres sans fin\u00a0\u00bb qu\u2019il ne cesse de d\u00e9noncer.<\/p>\n<p>Mais aux yeux de plusieurs experts, l\u2019accord de jeudi ne permet pas de revenir sur les coups port\u00e9s par sa d\u00e9cision aux objectifs de la politique syrienne des Etats-Unis. A commencer par le risque de r\u00e9surgence du groupe jihadiste Etat islamique (EI).<\/p>\n<p>Pour Nicholas Heras, \u00ab\u00a0les Am\u00e9ricains se mettent la t\u00eate dans le sable s\u2019ils pensent que les forces arabo-kurdes vont accepter\u00a0\u00bb de continuer \u00ab\u00a0la campagne anti-EI\u00a0\u00bb.<\/p>\n<p>Aussi grave, selon Nicholas Danforth: Moscou, adversaire strat\u00e9gique de Washington, reste plus que jamais ma\u00eetre du jeu syrien. \u00ab\u00a0Le sort des Kurdes\u00a0\u00bb tout comme \u00ab\u00a0l\u2019avenir de l\u2019incursion militaire de la Turquie en Syrie d\u00e9pendront de la Russie, qui a soutenu l\u2019arm\u00e9e syrienne pour reprendre le contr\u00f4le des territoires abandonn\u00e9s par les forces am\u00e9ricaines\u00a0\u00bb, dit-il.<\/p>\n<p>Ironie de l\u2019Histoire, la tr\u00eave act\u00e9e jeudi par les Turcs prendra fin mardi, au moment m\u00eame o\u00f9 le pr\u00e9sident Erdogan rencontrera en Russie son homologue Vladimir Poutine.<\/p>\n<p>Auteur: AFP<br \/>\n<a href=\"https:\/\/www.journalducameroun.com\/syrie-trump-clame-victoire-mais-erdogan-remporte-la-mise\/\">Cliquez ici pour lire l&rsquo;article depuis sa source.<\/a><\/p>\n","protected":false},"excerpt":{"rendered":"<p>Accus\u00e9 d\u2019avoir laiss\u00e9 la Turquie attaquer les alli\u00e9s kurdes des Etats-Unis en Syrie, Donald Trump a finalement obtenu jeudi un accord qui lui permet de calmer le jeu \u00e0 court terme, mais qui est aussi d\u00e9nonc\u00e9 comme une capitulation face aux revendications turques. Apr\u00e8s onze jours de soubresauts, le vice-pr\u00e9sident am\u00e9ricain Mike Pence a affirm\u00e9 [&hellip;]<\/p>\n","protected":false},"author":1965,"featured_media":0,"comment_status":"closed","ping_status":"closed","sticky":false,"template":"","format":"standard","meta":{"fifu_image_url":"","fifu_image_alt":"","footnotes":""},"categories":[73,82],"tags":[],"class_list":["post-64725","post","type-post","status-publish","format-standard","hentry","category-actualite","category-cameroun"],"_links":{"self":[{"href":"https:\/\/linitiative.ca\/International\/wp-json\/wp\/v2\/posts\/64725","targetHints":{"allow":["GET"]}}],"collection":[{"href":"https:\/\/linitiative.ca\/International\/wp-json\/wp\/v2\/posts"}],"about":[{"href":"https:\/\/linitiative.ca\/International\/wp-json\/wp\/v2\/types\/post"}],"author":[{"embeddable":true,"href":"https:\/\/linitiative.ca\/International\/wp-json\/wp\/v2\/users\/1965"}],"replies":[{"embeddable":true,"href":"https:\/\/linitiative.ca\/International\/wp-json\/wp\/v2\/comments?post=64725"}],"version-history":[{"count":0,"href":"https:\/\/linitiative.ca\/International\/wp-json\/wp\/v2\/posts\/64725\/revisions"}],"wp:attachment":[{"href":"https:\/\/linitiative.ca\/International\/wp-json\/wp\/v2\/media?parent=64725"}],"wp:term":[{"taxonomy":"category","embeddable":true,"href":"https:\/\/linitiative.ca\/International\/wp-json\/wp\/v2\/categories?post=64725"},{"taxonomy":"post_tag","embeddable":true,"href":"https:\/\/linitiative.ca\/International\/wp-json\/wp\/v2\/tags?post=64725"}],"curies":[{"name":"wp","href":"https:\/\/api.w.org\/{rel}","templated":true}]}}