{"id":64726,"date":"2019-10-17T17:50:05","date_gmt":"2019-10-17T21:50:05","guid":{"rendered":"https:\/\/linitiative.ca\/International\/la-cour-supreme-une-lueur-despoir-pour-lula\/"},"modified":"2019-10-17T17:50:05","modified_gmt":"2019-10-17T21:50:05","slug":"la-cour-supreme-une-lueur-despoir-pour-lula","status":"publish","type":"post","link":"https:\/\/linitiative.ca\/International\/la-cour-supreme-une-lueur-despoir-pour-lula\/","title":{"rendered":"La Cour supr\u00eame, une lueur d\u2019espoir pour Lula"},"content":{"rendered":"<div readability=\"32\">\n<p>Publi\u00e9 le 17.10.2019 \u00e0 22h50 par AFP<\/p>\n<\/div>\n<div readability=\"147\">\n<p>Incarc\u00e9r\u00e9 depuis avril 2018 pour corruption, l\u2019ex-pr\u00e9sident br\u00e9silien Lula commence \u00e0 voir pointer une lueur d\u2019espoir dans son long tunnel politico-judiciaire, \u00e0 la faveur de jugements de la Cour supr\u00eame qui pourraient aboutir \u00e0 terme \u00e0 sa lib\u00e9ration.<\/p>\n<p>M\u00eame si le pr\u00e9sident actuel Jair Bolsonaro lan\u00e7ait en pleine campagne il y a un an qu\u2019il souhaitait voir Luiz Inacio Lula da Silva \u00ab\u00a0pourrir en prison\u00a0\u00bb, le vent semble avoir tourn\u00e9.<\/p>\n<p>L\u2019arriv\u00e9e au gouvernement en janvier de Sergio Moro, l\u2019ennemi jur\u00e9 de Lula, a chang\u00e9 la donne. C\u2019est lui qui avait condamn\u00e9 l\u2019ex-pr\u00e9sident (2003-2010) \u00e0 9 ans et 6 mois de r\u00e9clusion en juillet 2017, une peine r\u00e9duite \u00e0 8 ans et 10 mois en avril dernier.<\/p>\n<p>Accus\u00e9 d\u2019avoir re\u00e7u un appartement en guise de pot-de-vin de la part d\u2019une entreprise de b\u00e2timent, Lula, 73 ans, a toujours clam\u00e9 son innocence, s\u2019estimant victime d\u2019un complot pour l\u2019emp\u00eacher d\u2019arriver au pouvoir.<\/p>\n<p>Il \u00e9tait donn\u00e9 favori des sondages pour la pr\u00e9sidentielle d\u2019octobre 2018, \u00e0 laquelle il n\u2019a finalement pas pu participer, assistant impuissant \u00e0 la victoire de Jair Bolsonaro. Ce dernier a justement choisi Sergio Moro, consid\u00e9r\u00e9 comme un h\u00e9ros de la lutte contre la corruption, comme ministre de la Justice.<\/p>\n<p>\u2013 Messages compromettants \u2013<\/p>\n<p>De quoi mettre en doute selon les avocats de Lula l\u2019impartialit\u00e9 de l\u2019ancien magistrat, un sentiment renforc\u00e9 par les r\u00e9v\u00e9lations explosives de The Intercept Brasil.<\/p>\n<p>Ce site d\u2019investigation a commenc\u00e9 \u00e0 publier en juin des \u00e9changes de messages montrant une connivence entre Sergio Moro et les procureurs charg\u00e9s de l\u2019op\u00e9ration \u00ab\u00a0Lavage express\u00a0\u00bb, enqu\u00eate anticorruption tentaculaire qui a fait trembler l\u2019ensemble de la classe politique br\u00e9silienne.<\/p>\n<p>\u00ab\u00a0Les relations entre Moro et la Cour supr\u00eame n\u2019ont jamais \u00e9t\u00e9 bonnes, mais \u00e0 pr\u00e9sent, les hauts magistrats disposent d\u2019\u00e9l\u00e9ments pour revenir sur ses d\u00e9cisions\u00a0\u00bb, explique \u00e0 l\u2019AFP Thiago Vidal, du cabinet de consultants Prospectiva.<\/p>\n<p>\u00ab\u00a0Beaucoup de gens qui consid\u00e9raient Moro comme un super-h\u00e9ros se sont rendu compte d\u2019une s\u00e9rie de graves vices de forme dans sa fa\u00e7on de conduire les proc\u00e8s\u00a0\u00bb, rench\u00e9rit Thiago Bottino, professeur de droit \u00e0 la Fondation Getulio Vargas (FGV).<\/p>\n<p>Le r\u00f4le de la Cour supr\u00eame est justement de s\u2019assurer que les proc\u00e8s se d\u00e9roulent dans le respect de la Constitution.<\/p>\n<p>Les 11 magistrats de la plus haute juridiction du Br\u00e9sil doivent commencer jeudi \u00e0 si\u00e9ger pour un jugement qui pourrait affecter directement le sort de Lula.<\/p>\n<p>Ils doivent d\u00e9cider si une personne peut \u00eatre emprisonn\u00e9e d\u00e8s sa condamnation en deuxi\u00e8me instance \u2013 ce qui a \u00e9t\u00e9 le cas de l\u2019ex-pr\u00e9sident \u2013 m\u00eame s\u2019il n\u2019a pas encore \u00e9puis\u00e9 tous ses recours aupr\u00e8s de tribunaux sup\u00e9rieurs.<\/p>\n<p>Si la Cour supr\u00eame venait \u00e0 consid\u00e9rer que tout condamn\u00e9 a le droit de demeurer en libert\u00e9 tant que tous les recours ne sont pas \u00e9puis\u00e9s, elle mettrait fin \u00e0 la jurisprudence qui a conduit \u00e0 l\u2019incarc\u00e9ration de Lula en avril 2018. Il pourrait donc \u00eatre lib\u00e9r\u00e9 prochainement.<\/p>\n<p>\u2013 Martyr de la gauche \u2013<\/p>\n<p>Ce jugement devrait s\u2019\u00e9tendre sur plusieurs jours et son issue est incertaine, mais le camp Lula a d\u2019autres cartes en main.<\/p>\n<p>La Cour supr\u00eame pourrait \u00e9galement juger dans les prochaines semaines un recours des avocats de l\u2019ex-pr\u00e9sident r\u00e9clamant l\u2019annulation de sa condamnation si la partialit\u00e9 de Sergio Moro \u00e9tait av\u00e9r\u00e9e.<\/p>\n<p>Dans un entretien depuis sa prison publi\u00e9 jeudi sur le site d\u2019informations Uol, Lula a r\u00e9it\u00e9r\u00e9 que sa volont\u00e9 \u00e9tait d\u2019\u00eatre blanchi totalement et non lib\u00e9r\u00e9 \u00e0 la faveur d\u2019un quelconque vice de forme ou un am\u00e9nagement de peine.<\/p>\n<p>\u00ab\u00a0Cette question de savoir si l\u2019incarc\u00e9ration est possible ou non d\u00e8s la condamnation en deuxi\u00e8me instance, \u00e7a ne m\u2019int\u00e9resse pas. Ce qui m\u2019int\u00e9resse, c\u2019est de prouver mon innocence\u00a0\u00bb, a-t-il affirm\u00e9.<\/p>\n<p>L\u2019ic\u00f4ne de la gauche a d\u00e9j\u00e0 purg\u00e9 un sixi\u00e8me de sa peine, ce qui lui donne le droit de b\u00e9n\u00e9ficier d\u2019un r\u00e9gime semi-ouvert, qui lui permettrait de sortir travailler le jour et dormir la nuit en prison.<\/p>\n<p>Mais il s\u2019y refuse cat\u00e9goriquement, consid\u00e9rant que cela reviendrait \u00e0 admettre sa culpabilit\u00e9. \u00ab\u00a0Avec moi, il n\u2019y a pas de demi-mesure. Ils ont fait la b\u00eatise de m\u2019emprisonner, maintenant, ils vont devoir supporter ce poids\u00a0\u00bb, a lanc\u00e9 Lula \u00e0 Uol.<\/p>\n<p>De quoi renforcer son image de martyr d\u2019une gauche en manque de coh\u00e9sion pour faire opposition au gouvernement Bolsonaro, et dont un des seuls vrais points de ralliement est le mot d\u2019ordre \u00ab\u00a0Lib\u00e9rez Lula\u00a0\u00bb.<\/p>\n<\/div>\n<p>Auteur: AFP<br \/>\n<a href=\"https:\/\/www.journalducameroun.com\/la-cour-supreme-une-lueur-despoir-pour-lula\/\">Cliquez ici pour lire l&rsquo;article depuis sa source.<\/a><\/p>\n","protected":false},"excerpt":{"rendered":"<p>Publi\u00e9 le 17.10.2019 \u00e0 22h50 par AFP Incarc\u00e9r\u00e9 depuis avril 2018 pour corruption, l\u2019ex-pr\u00e9sident br\u00e9silien Lula commence \u00e0 voir pointer une lueur d\u2019espoir dans son long tunnel politico-judiciaire, \u00e0 la faveur de jugements de la Cour supr\u00eame qui pourraient aboutir \u00e0 terme \u00e0 sa lib\u00e9ration. M\u00eame si le pr\u00e9sident actuel Jair Bolsonaro lan\u00e7ait en pleine [&hellip;]<\/p>\n","protected":false},"author":1965,"featured_media":0,"comment_status":"closed","ping_status":"closed","sticky":false,"template":"","format":"standard","meta":{"fifu_image_url":"","fifu_image_alt":"","footnotes":""},"categories":[73,82],"tags":[],"class_list":["post-64726","post","type-post","status-publish","format-standard","hentry","category-actualite","category-cameroun"],"_links":{"self":[{"href":"https:\/\/linitiative.ca\/International\/wp-json\/wp\/v2\/posts\/64726","targetHints":{"allow":["GET"]}}],"collection":[{"href":"https:\/\/linitiative.ca\/International\/wp-json\/wp\/v2\/posts"}],"about":[{"href":"https:\/\/linitiative.ca\/International\/wp-json\/wp\/v2\/types\/post"}],"author":[{"embeddable":true,"href":"https:\/\/linitiative.ca\/International\/wp-json\/wp\/v2\/users\/1965"}],"replies":[{"embeddable":true,"href":"https:\/\/linitiative.ca\/International\/wp-json\/wp\/v2\/comments?post=64726"}],"version-history":[{"count":0,"href":"https:\/\/linitiative.ca\/International\/wp-json\/wp\/v2\/posts\/64726\/revisions"}],"wp:attachment":[{"href":"https:\/\/linitiative.ca\/International\/wp-json\/wp\/v2\/media?parent=64726"}],"wp:term":[{"taxonomy":"category","embeddable":true,"href":"https:\/\/linitiative.ca\/International\/wp-json\/wp\/v2\/categories?post=64726"},{"taxonomy":"post_tag","embeddable":true,"href":"https:\/\/linitiative.ca\/International\/wp-json\/wp\/v2\/tags?post=64726"}],"curies":[{"name":"wp","href":"https:\/\/api.w.org\/{rel}","templated":true}]}}