{"id":64728,"date":"2019-10-17T11:17:26","date_gmt":"2019-10-17T15:17:26","guid":{"rendered":"https:\/\/linitiative.ca\/International\/accident-deseka-cerutti-denonce-camrail-aupres-de-paul-biya\/"},"modified":"2019-10-17T11:17:26","modified_gmt":"2019-10-17T15:17:26","slug":"accident-deseka-cerutti-denonce-camrail-aupres-de-paul-biya","status":"publish","type":"post","link":"https:\/\/linitiative.ca\/International\/accident-deseka-cerutti-denonce-camrail-aupres-de-paul-biya\/","title":{"rendered":"Accident d\u2019Eseka : Cerutti d\u00e9nonce CAMRAIL aupr\u00e8s de Paul Biya"},"content":{"rendered":"<p>Le 21 octobre 2019, les Camerounais vont comm\u00e9morer le troisi\u00e8me anniversaire de la catastrophe ferroviaire d\u2019<strong>Eseka<\/strong>. Le timing \u00e9tait parfait pour le cabinet d\u2019expertise fran\u00e7ais, <strong>Pierre Cerutti,<\/strong> de remettre sur la table certains aspects de cet accident encore encr\u00e9 dans la m\u00e9moire collective. D\u2019apr\u00e8s ce cabinet choisi pour \u00e9valuer la catastrophe, seul le rapport d\u2019\u00e9tape a \u00e9t\u00e9 rendu public.<\/p>\n<p><em>\u00ab\u00a0Le rapport d\u00e9finitif du cabinet Cerutti du 14 f\u00e9vrier 2017 n\u2019a jamais \u00e9t\u00e9 communiqu\u00e9 ni aux magistrats ni aux conseils des victimes. Seul le rapport d\u2019\u00e9tape du cabinet Cerutti du 21 novembre 2016 a \u00e9t\u00e9 produit en justice alors que le rapport d\u2019expertise de <strong>70 pages<\/strong>, qui avait \u00e9t\u00e9 adress\u00e9 par <strong>DHL<\/strong> \u00e0 la pr\u00e9sidence de la R\u00e9publique du Cameroun en 46 exemplaires (23 en langue fran\u00e7aise et 23 en langue anglaise) \u00e0 l\u2019attention d\u2019un haut commis de l\u2019\u00c9tat encore en fonction (et r\u00e9ceptionn\u00e9 par ses soins) dont 2 exemplaires de grand luxe \u00e0 votre attention, a totalement disparu\u2009\u00bb<\/em>, peut-on lire dans une correspondance adress\u00e9 au pr\u00e9sident camerounais, <strong>Paul Biya<\/strong>.<\/p>\n<p>Le document final, qui comportait d\u2019autres d\u00e9tails sur les origines de l\u2019accident, n\u2019a malheureusement pas \u00e9t\u00e9 exploit\u00e9 lors des diff\u00e9rentes proc\u00e9dures judiciaires ouvertes au <strong>tribunal d\u2019Eseka<\/strong>. Parmi ceux-ci, \u00e9num\u00e8re le cabinet,\u00a0\u00a0se trouvaient les pr\u00e9cisions destin\u00e9es aux juges du tribunal d\u2019Eseka sur les causes et circonstances de l\u2019accident, des d\u00e9monstrations techniques et scientifiques des fautes graves, ainsi que des manquements commis par la Cameroon Railways company (<strong>CAMRAIL<\/strong>), depuis la direction g\u00e9n\u00e9rale jusqu\u2019aux \u00e9quipes op\u00e9rationnelles. <em>\u00ab\u2009De telles irr\u00e9gularit\u00e9s \u00e9tant de nature \u00e0 avoir fauss\u00e9 la bonne administration de la justice dans cette affaire d\u2019une particuli\u00e8re gravit\u00e9, il est de mon devoir d\u2019attirer respectueusement votre attention \u00e0 ce sujet. Je me tiens \u00e0 votre disposition pour vous soumettre toutes les pi\u00e8ces qui justifient mes d\u00e9clarations\u2009\u00bb<\/em>, pr\u00e9cise Pierre Cerutti \u00e0 <strong>Paul Biya<\/strong>.<\/p>\n<p>Le cabinet implore l\u2019arbitrage du chef de l\u2019Etat afin de <em>\u00ab\u00a0laver\u00a0les soup\u00e7ons d\u2019irr\u00e9gularit\u00e9s ainsi que l\u2019accusation de corruption \u00bb<\/em> port\u00e9 \u00e0 l\u2019encontre de Cerutti par la soci\u00e9t\u00e9 CAMRAIL. En effet, rapporte-t-il, ces <em>\u00ab\u00a0accusations inacceptables\u00a0\u00bb<\/em> trouvent leur origine premi\u00e8re dans le plagiat du rapport d\u2019\u00e9tape du cabinet fran\u00e7ais par le nomm\u00e9\u00a0<strong>Benoit Essiga,<\/strong>\u00a0qui pr\u00e9tend avoir re\u00e7u du procureur de la R\u00e9publique du Cameroun, l\u2019autorisation de mener une mission parall\u00e8le sur la m\u00eame affaire. Il est reproch\u00e9 d\u2019avoir publi\u00e9 un rapport d\u2019expertise r\u00e9alis\u00e9 par ses soins dont des pans entiers ont \u00e9t\u00e9 simplement copi\u00e9s sur le rapport d\u2019\u00e9tape du cabinet Cerutti.<\/p>\n<p>Contact\u00e9 par\u00a0<strong>EcoMatin<\/strong>,\u00a0<strong>CAMRAIL<\/strong>\u00a0n\u2019a pas souhait\u00e9 faire de commentaire sur cette lettre du cabinet Cerutti adress\u00e9e au pr\u00e9sident\u00a0<strong>Paul Biya.<\/strong> Toujours est-il qu\u2019avec cette sortie du cabinet d\u2019expertise, on pourrait assister \u00e0 un rebondissement au sujet de cet accident dont le bilan officiel faisait \u00e9tat de 79 morts et quelque 600 bless\u00e9s.<\/p>\n<div class=\"about-author about-author-box container-wrapper\">\n<div class=\"author-avatar\">\n<p><img decoding=\"async\" src=\"http:\/\/\" alt=\"\"\/><\/p>\n<\/div>\n<p><h4>La R\u00e9daction EcoMatin<\/h4>\n<\/p>\n<\/div>\n<div class=\"awac-wrapper awac widget blog_subscription-2\">\n<h4 class=\"widget-title\">Abonnez-vous \u00e0 notre lettre d&rsquo;information<\/h4>\n<\/div>\n<p>Auteur: EcoMatin<br \/>\n<a href=\"https:\/\/ecomatin.net\/accident-deseka-cerutti-denonce-camrail-aupres-de-paul-biya\/\">Cliquez ici pour lire l&rsquo;article depuis sa source.<\/a><\/p>\n","protected":false},"excerpt":{"rendered":"<p>Le 21 octobre 2019, les Camerounais vont comm\u00e9morer le troisi\u00e8me anniversaire de la catastrophe ferroviaire d\u2019Eseka. Le timing \u00e9tait parfait pour le cabinet d\u2019expertise fran\u00e7ais, Pierre Cerutti, de remettre sur la table certains aspects de cet accident encore encr\u00e9 dans la m\u00e9moire collective. D\u2019apr\u00e8s ce cabinet choisi pour \u00e9valuer la catastrophe, seul le rapport d\u2019\u00e9tape [&hellip;]<\/p>\n","protected":false},"author":1969,"featured_media":0,"comment_status":"closed","ping_status":"closed","sticky":false,"template":"","format":"standard","meta":{"fifu_image_url":"","fifu_image_alt":"","footnotes":""},"categories":[82,78],"tags":[],"class_list":["post-64728","post","type-post","status-publish","format-standard","hentry","category-cameroun","category-economie"],"_links":{"self":[{"href":"https:\/\/linitiative.ca\/International\/wp-json\/wp\/v2\/posts\/64728","targetHints":{"allow":["GET"]}}],"collection":[{"href":"https:\/\/linitiative.ca\/International\/wp-json\/wp\/v2\/posts"}],"about":[{"href":"https:\/\/linitiative.ca\/International\/wp-json\/wp\/v2\/types\/post"}],"author":[{"embeddable":true,"href":"https:\/\/linitiative.ca\/International\/wp-json\/wp\/v2\/users\/1969"}],"replies":[{"embeddable":true,"href":"https:\/\/linitiative.ca\/International\/wp-json\/wp\/v2\/comments?post=64728"}],"version-history":[{"count":0,"href":"https:\/\/linitiative.ca\/International\/wp-json\/wp\/v2\/posts\/64728\/revisions"}],"wp:attachment":[{"href":"https:\/\/linitiative.ca\/International\/wp-json\/wp\/v2\/media?parent=64728"}],"wp:term":[{"taxonomy":"category","embeddable":true,"href":"https:\/\/linitiative.ca\/International\/wp-json\/wp\/v2\/categories?post=64728"},{"taxonomy":"post_tag","embeddable":true,"href":"https:\/\/linitiative.ca\/International\/wp-json\/wp\/v2\/tags?post=64728"}],"curies":[{"name":"wp","href":"https:\/\/api.w.org\/{rel}","templated":true}]}}