{"id":64729,"date":"2019-10-17T11:25:41","date_gmt":"2019-10-17T15:25:41","guid":{"rendered":"https:\/\/linitiative.ca\/International\/hausse-de-39-des-produits-de-base-exportes-en-zone-cemac\/"},"modified":"2019-10-17T11:25:41","modified_gmt":"2019-10-17T15:25:41","slug":"hausse-de-39-des-produits-de-base-exportes-en-zone-cemac","status":"publish","type":"post","link":"https:\/\/linitiative.ca\/International\/hausse-de-39-des-produits-de-base-exportes-en-zone-cemac\/","title":{"rendered":"Hausse de 3,9% des produits de base export\u00e9s en zone CEMAC"},"content":{"rendered":"<div class=\"featured-area featured-area-inner\"><img loading=\"lazy\" decoding=\"async\" width=\"500\" height=\"330\" src=\"https:\/\/i0.wp.com\/ecomatin.net\/wp-content\/uploads\/2019\/10\/ecomatin.net-hausse-de-39-des-produits-de-base-exportes-en-zone-cemac-produits-exportes-cemac.jpg?resize=500%2C330&#038;ssl=1&#038;is-pending-load=1\" class=\"attachment-jannah-image-post size-jannah-image-post wp-post-image jetpack-lazy-image\" alt=\"\" data-attachment-id=\"13033\" data-permalink=\"https:\/\/ecomatin.net\/hausse-de-39-des-produits-de-base-exportes-en-zone-cemac\/produits-exportes-cemac\/\" data-orig-file=\"https:\/\/i0.wp.com\/ecomatin.net\/wp-content\/uploads\/2019\/10\/ecomatin.net-hausse-de-39-des-produits-de-base-exportes-en-zone-cemac-produits-exportes-cemac.jpg?fit=500%2C330&#038;ssl=1\" data-orig-size=\"500,330\" data-comments-opened=\"0\" data-image-meta=\"{\"aperture\":\"0\",\"credit\":\"\",\"camera\":\"\",\"caption\":\"\",\"created_timestamp\":\"0\",\"copyright\":\"\",\"focal_length\":\"0\",\"iso\":\"0\",\"shutter_speed\":\"0\",\"title\":\"\",\"orientation\":\"0\"}\" data-image-title=\"produits export\u00e9s cemac\" data-image-description=\"\" data-medium-file=\"https:\/\/i0.wp.com\/ecomatin.net\/wp-content\/uploads\/2019\/10\/ecomatin.net-hausse-de-39-des-produits-de-base-exportes-en-zone-cemac-produits-exportes-cemac.jpg?fit=300%2C198&#038;ssl=1\" data-large-file=\"https:\/\/i0.wp.com\/ecomatin.net\/wp-content\/uploads\/2019\/10\/ecomatin.net-hausse-de-39-des-produits-de-base-exportes-en-zone-cemac-produits-exportes-cemac.jpg?fit=500%2C330&#038;ssl=1\" data-lazy-srcset=\"https:\/\/i0.wp.com\/ecomatin.net\/wp-content\/uploads\/2019\/10\/ecomatin.net-hausse-de-39-des-produits-de-base-exportes-en-zone-cemac-produits-exportes-cemac.jpg?w=500&#038;ssl=1 500w, https:\/\/i0.wp.com\/ecomatin.net\/wp-content\/uploads\/2019\/10\/ecomatin.net-hausse-de-39-des-produits-de-base-exportes-en-zone-cemac-produits-exportes-cemac.jpg?resize=300%2C198&#038;ssl=1 300w\" data-lazy-sizes=\"(max-width: 500px) 100vw, 500px\" srcset=\"data:image\/gif;base64,R0lGODlhAQABAIAAAAAAAP\/\/\/yH5BAEAAAAALAAAAAABAAEAAAIBRAA7\"\/><\/div>\n<div class=\"entry-content entry clearfix\" readability=\"58\">\n<p>La Banque des Etats de l\u2019Afrique centrale (<strong>BEAC<\/strong>), vient de rendre public son indice composite des cours des produits de base au sein de l\u2019espace communautaire. Selon ces nouvelles donn\u00e9es, les <strong>28 produits<\/strong> de base export\u00e9s en au sein de la Communaut\u00e9 \u00e9conomique et mon\u00e9taire d\u2019Afrique centrale (<strong>CEMAC<\/strong>) repr\u00e9sentent 90% des exportations au 2<sup>e<\/sup> trimestre 2019.<\/p>\n<p>Cela fait une hausse de <strong>3,9%<\/strong> de l\u2019indice global des cours des produits de base export\u00e9s par cette zone. Au premier trimestre de l\u2019ann\u00e9e, cet indice avait connu une baisse de <strong>6,2%<\/strong> en glissement annuel, \u00e0 cause de la hausse des cours des produits \u00e9nerg\u00e9tiques, agricoles et ceux issus de la p\u00eache.<\/p>\n<p>La banque centrale de la CEMAC souligne que cet indice a \u00e9t\u00e9 tir\u00e9 vers le haut au deuxi\u00e8me trimestre gr\u00e2ce\u00a0: \u00e0 l\u2019augmentation des prix du p\u00e9trole brut (+7,5%), m\u00eame si le gaz naturel connaissait une baisse de ses prix de l\u2019ordre de -20,2%\u00a0; \u00e0 la forte croissance des prix du caoutchouc (+10,3%)\u00a0; la hausse de la demande dans le march\u00e9 du cacao (+6,3%), stimul\u00e9e par la consommation des \u00e9conomies \u00e9mergentes.<\/p>\n<div class=\"about-author about-author-box container-wrapper\">\n<div class=\"author-avatar\">\n<p><img decoding=\"async\" src=\"http:\/\/\" alt=\"\"\/><\/p>\n<\/div>\n<p><h4>La R\u00e9daction EcoMatin<\/h4>\n<\/p>\n<\/div>\n<div class=\"awac-wrapper awac widget blog_subscription-2\">\n<h4 class=\"widget-title\">Abonnez-vous \u00e0 notre lettre d&rsquo;information<\/h4>\n<\/div>\n<\/div>\n<div class=\"toggle-post-content clearfix\"><a id=\"toggle-post-button\" class=\"button\" href=\"#\">Afficher plus <\/a><\/div>\n<p>Auteur: EcoMatin<br \/>\n<a href=\"https:\/\/ecomatin.net\/hausse-de-39-des-produits-de-base-exportes-en-zone-cemac\/\">Cliquez ici pour lire l&rsquo;article depuis sa source.<\/a><\/p>\n","protected":false},"excerpt":{"rendered":"<p>La Banque des Etats de l\u2019Afrique centrale (BEAC), vient de rendre public son indice composite des cours des produits de base au sein de l\u2019espace communautaire. Selon ces nouvelles donn\u00e9es, les 28 produits de base export\u00e9s en au sein de la Communaut\u00e9 \u00e9conomique et mon\u00e9taire d\u2019Afrique centrale (CEMAC) repr\u00e9sentent 90% des exportations au 2e trimestre [&hellip;]<\/p>\n","protected":false},"author":1969,"featured_media":0,"comment_status":"closed","ping_status":"closed","sticky":false,"template":"","format":"standard","meta":{"fifu_image_url":"","fifu_image_alt":"","footnotes":""},"categories":[82,78],"tags":[],"class_list":["post-64729","post","type-post","status-publish","format-standard","hentry","category-cameroun","category-economie"],"_links":{"self":[{"href":"https:\/\/linitiative.ca\/International\/wp-json\/wp\/v2\/posts\/64729","targetHints":{"allow":["GET"]}}],"collection":[{"href":"https:\/\/linitiative.ca\/International\/wp-json\/wp\/v2\/posts"}],"about":[{"href":"https:\/\/linitiative.ca\/International\/wp-json\/wp\/v2\/types\/post"}],"author":[{"embeddable":true,"href":"https:\/\/linitiative.ca\/International\/wp-json\/wp\/v2\/users\/1969"}],"replies":[{"embeddable":true,"href":"https:\/\/linitiative.ca\/International\/wp-json\/wp\/v2\/comments?post=64729"}],"version-history":[{"count":0,"href":"https:\/\/linitiative.ca\/International\/wp-json\/wp\/v2\/posts\/64729\/revisions"}],"wp:attachment":[{"href":"https:\/\/linitiative.ca\/International\/wp-json\/wp\/v2\/media?parent=64729"}],"wp:term":[{"taxonomy":"category","embeddable":true,"href":"https:\/\/linitiative.ca\/International\/wp-json\/wp\/v2\/categories?post=64729"},{"taxonomy":"post_tag","embeddable":true,"href":"https:\/\/linitiative.ca\/International\/wp-json\/wp\/v2\/tags?post=64729"}],"curies":[{"name":"wp","href":"https:\/\/api.w.org\/{rel}","templated":true}]}}