{"id":64730,"date":"2019-10-17T11:43:17","date_gmt":"2019-10-17T15:43:17","guid":{"rendered":"https:\/\/linitiative.ca\/International\/fondation-toni-elumelu-5-240-jeunes-africains-en-voie-dautonomisation\/"},"modified":"2019-10-17T11:43:17","modified_gmt":"2019-10-17T15:43:17","slug":"fondation-toni-elumelu-5-240-jeunes-africains-en-voie-dautonomisation","status":"publish","type":"post","link":"https:\/\/linitiative.ca\/International\/fondation-toni-elumelu-5-240-jeunes-africains-en-voie-dautonomisation\/","title":{"rendered":"Fondation Toni Elumelu : 5 240 jeunes africains en voie d\u2019autonomisation"},"content":{"rendered":"<div class=\"featured-area featured-area-inner\"><img loading=\"lazy\" decoding=\"async\" width=\"780\" height=\"405\" src=\"https:\/\/i2.wp.com\/ecomatin.net\/wp-content\/uploads\/2019\/10\/ecomatin.net-fondation-toni-elumelu-5-240-jeunes-africains-en-voie-dautonomisation-fondation-elumelu.jpg?resize=780%2C405&#038;ssl=1&#038;is-pending-load=1\" class=\"attachment-jannah-image-post size-jannah-image-post wp-post-image jetpack-lazy-image\" alt=\"\" data-attachment-id=\"13037\" data-permalink=\"https:\/\/ecomatin.net\/fondation-toni-elumelu-5-240-jeunes-africains-en-voie-dautonomisation\/fondation-elumelu\/\" data-orig-file=\"https:\/\/i2.wp.com\/ecomatin.net\/wp-content\/uploads\/2019\/10\/ecomatin.net-fondation-toni-elumelu-5-240-jeunes-africains-en-voie-dautonomisation-fondation-elumelu.jpg?fit=933%2C445&#038;ssl=1\" data-orig-size=\"933,445\" data-comments-opened=\"0\" data-image-meta=\"{\"aperture\":\"0\",\"credit\":\"\",\"camera\":\"\",\"caption\":\"\",\"created_timestamp\":\"0\",\"copyright\":\"\",\"focal_length\":\"0\",\"iso\":\"0\",\"shutter_speed\":\"0\",\"title\":\"\",\"orientation\":\"0\"}\" data-image-title=\"fondation elumelu\" data-image-description=\"\" data-medium-file=\"https:\/\/i2.wp.com\/ecomatin.net\/wp-content\/uploads\/2019\/10\/ecomatin.net-fondation-toni-elumelu-5-240-jeunes-africains-en-voie-dautonomisation-fondation-elumelu.jpg?fit=300%2C143&#038;ssl=1\" data-large-file=\"https:\/\/i2.wp.com\/ecomatin.net\/wp-content\/uploads\/2019\/10\/ecomatin.net-fondation-toni-elumelu-5-240-jeunes-africains-en-voie-dautonomisation-fondation-elumelu.jpg?fit=933%2C445&#038;ssl=1\" srcset=\"data:image\/gif;base64,R0lGODlhAQABAIAAAAAAAP\/\/\/yH5BAEAAAAALAAAAAABAAEAAAIBRAA7\"\/><\/div>\n<div class=\"entry-content entry clearfix\" readability=\"69\">\n<p>En juillet 2019, la <strong>Fondation<\/strong> <strong>Toni Elumelu<\/strong> et le Programme des Nations-Unies pour le d\u00e9veloppement (<strong>PNUD<\/strong>) ont conclu un protocole d\u2019accord en vue de l\u2019autonomisation de 100\u00a0000 jeunes africains sur une dur\u00e9e de 10 ans. Le but est de contribuer \u00e0 l\u2019objectif global de cr\u00e9ation d\u2019au moins <strong>10 millions<\/strong> de nouveaux emplois et de <strong>10 milliards de dollars<\/strong> de nouveaux revenus annuels en Afrique. Le partenariat cible les jeunes africains des communaut\u00e9s mal desservies de sept pays du Sahel\u00a0: Nig\u00e9ria, Niger, Tchad, Cameroun, Mauritanie, Mali et Burkina Faso.<\/p>\n<p>Dans le cadre de cette coop\u00e9ration, <strong>Toni Elumelu<\/strong> annonce la s\u00e9lection de <strong>5 240<\/strong> jeunes entrepreneurs africains parmi plus de <strong>81\u00a0000<\/strong> candidatures re\u00e7ues. Ils derniers vont b\u00e9n\u00e9ficier d\u2019une formation de 12 semaines en gestion d\u2019entreprise \u00e0 la prochaine phase du programme inaugural d\u2019entreprenariat <strong>TEF-PNUD<\/strong>. A l\u2019issue de la formation, les candidats retenus participeront au concours de pitch de start-ups organis\u00e9 par la <strong>Fondation UBA<\/strong>, un des partenaires.<\/p>\n<p>Gr\u00e2ce au partenariat, ils recevront chacun un capital de d\u00e9marrage non remboursable d\u2019un montant maximum de <strong>5 000 dollars<\/strong>, soit environ <strong>2,5 millions de FCFA<\/strong>, un acc\u00e8s \u00e0 des mentors, une formation commerciale de 12 semaines et des opportunit\u00e9s de r\u00e9seautage. Ils rejoindront les <strong>3 051<\/strong> b\u00e9n\u00e9ficiaires de la cohorte 2019 du programme d\u2019entrepreneuriat de la Fondation <strong>Toni Elumelu.<\/strong><\/p>\n<p>Dans les d\u00e9tails, 43% des demandes soumises au programme provenaient des zones rurales, 57% des zones urbaines. Au plan du genre, plus de 30% de femmes chefs d\u2019entreprise ont candidat\u00e9 tandis que 70% \u00e9taient des hommes. Pour postuler au Programme <strong>TEF-UNDP<\/strong> Jeune Entrepreneur du Sahel, il faut \u00eatre un entrepreneur africain r\u00e9sidant dans l\u2019un des pays susmentionn\u00e9s. Ensuite, ne pas avoir une entreprise datant de plus de 3 ans.<\/p>\n<div class=\"about-author about-author-box container-wrapper\">\n<div class=\"author-avatar\">\n<p><img decoding=\"async\" src=\"http:\/\/\" alt=\"\"\/><\/p>\n<\/div>\n<p><h4>La R\u00e9daction EcoMatin<\/h4>\n<\/p>\n<\/div>\n<div class=\"awac-wrapper awac widget blog_subscription-2\">\n<h4 class=\"widget-title\">Abonnez-vous \u00e0 notre lettre d&rsquo;information<\/h4>\n<\/div>\n<\/div>\n<div class=\"toggle-post-content clearfix\"><a id=\"toggle-post-button\" class=\"button\" href=\"#\">Afficher plus <\/a><\/div>\n<p>Auteur: EcoMatin<br \/>\n<a href=\"https:\/\/ecomatin.net\/fondation-toni-elumelu-5-240-jeunes-africains-en-voie-dautonomisation\/\">Cliquez ici pour lire l&rsquo;article depuis sa source.<\/a><\/p>\n","protected":false},"excerpt":{"rendered":"<p>En juillet 2019, la Fondation Toni Elumelu et le Programme des Nations-Unies pour le d\u00e9veloppement (PNUD) ont conclu un protocole d\u2019accord en vue de l\u2019autonomisation de 100\u00a0000 jeunes africains sur une dur\u00e9e de 10 ans. Le but est de contribuer \u00e0 l\u2019objectif global de cr\u00e9ation d\u2019au moins 10 millions de nouveaux emplois et de 10 [&hellip;]<\/p>\n","protected":false},"author":1969,"featured_media":0,"comment_status":"closed","ping_status":"closed","sticky":false,"template":"","format":"standard","meta":{"fifu_image_url":"","fifu_image_alt":"","footnotes":""},"categories":[82,78],"tags":[],"class_list":["post-64730","post","type-post","status-publish","format-standard","hentry","category-cameroun","category-economie"],"_links":{"self":[{"href":"https:\/\/linitiative.ca\/International\/wp-json\/wp\/v2\/posts\/64730","targetHints":{"allow":["GET"]}}],"collection":[{"href":"https:\/\/linitiative.ca\/International\/wp-json\/wp\/v2\/posts"}],"about":[{"href":"https:\/\/linitiative.ca\/International\/wp-json\/wp\/v2\/types\/post"}],"author":[{"embeddable":true,"href":"https:\/\/linitiative.ca\/International\/wp-json\/wp\/v2\/users\/1969"}],"replies":[{"embeddable":true,"href":"https:\/\/linitiative.ca\/International\/wp-json\/wp\/v2\/comments?post=64730"}],"version-history":[{"count":0,"href":"https:\/\/linitiative.ca\/International\/wp-json\/wp\/v2\/posts\/64730\/revisions"}],"wp:attachment":[{"href":"https:\/\/linitiative.ca\/International\/wp-json\/wp\/v2\/media?parent=64730"}],"wp:term":[{"taxonomy":"category","embeddable":true,"href":"https:\/\/linitiative.ca\/International\/wp-json\/wp\/v2\/categories?post=64730"},{"taxonomy":"post_tag","embeddable":true,"href":"https:\/\/linitiative.ca\/International\/wp-json\/wp\/v2\/tags?post=64730"}],"curies":[{"name":"wp","href":"https:\/\/api.w.org\/{rel}","templated":true}]}}