{"id":64734,"date":"2019-10-18T09:58:33","date_gmt":"2019-10-18T13:58:33","guid":{"rendered":"https:\/\/linitiative.ca\/International\/el-jadida-8-ans-de-reclusion-criminelle-pour-des-violeurs-de-mineures\/"},"modified":"2019-10-18T09:58:33","modified_gmt":"2019-10-18T13:58:33","slug":"el-jadida-8-ans-de-reclusion-criminelle-pour-des-violeurs-de-mineures","status":"publish","type":"post","link":"https:\/\/linitiative.ca\/International\/el-jadida-8-ans-de-reclusion-criminelle-pour-des-violeurs-de-mineures\/","title":{"rendered":"El Jadida : 8 ans de r\u00e9clusion criminelle pour des violeurs de mineures"},"content":{"rendered":"<header>\n<\/header>\n<div class=\"entry-content clearfix\" readability=\"52\"><img decoding=\"async\" class=\"post_layout_5_img\" src=\"http:\/\/aujourdhui.ma\/wp-content\/uploads\/2018\/06\/Viol.jpg?x29840\" alt=\"El Jadida : 8 ans de r\u00e9clusion criminelle pour des violeurs de mineures\"\/><\/p>\n<p class=\"p1\"><span class=\"s1\"><span class=\"c4\"><strong>Les deux malfrats qui ont abus\u00e9 sexuellement et collectivement, avec la complicit\u00e9 de sept autres brigands, \u00e0 Azemmour, de trois filles mineures, ont \u00e9t\u00e9 condamn\u00e9s, par la chambre criminelle pr\u00e8s la Cour d\u2019appel d\u2019El Jadida, \u00e0 huit ans de r\u00e9clusion criminelle chacun.<\/strong><\/span><\/span> <span id=\"more-320506\"\/><\/p>\n<p class=\"p1\"><span class=\"s1\">Les sept autres brigands sont consid\u00e9r\u00e9s en fuite et sont activement recherch\u00e9s.\u00a0<\/span><span class=\"s1\">Voulant rentrer chez elles apr\u00e8s avoir fait un grand tour dans la ville, les trois filles se sont tromp\u00e9es de chemin. Malheureusement elles sont tomb\u00e9es sur une bande de neuf malfrats qui les ont oblig\u00e9es, sous la menace de couteaux, \u00e0 les accompagner vers un terrain vague o\u00f9 ils les ont viol\u00e9es collectivement.<\/span><\/p>\n<p class=\"p1\"><span class=\"s1\">D\u00e8s qu\u2019elles sont rentr\u00e9es chez elles les trois mineures ont port\u00e9 plainte contre leurs agresseurs. Une enqu\u00eate a \u00e9t\u00e9 diligent\u00e9e par les gendarmes et sold\u00e9e par l\u2019arrestation de deux brigands. Les autres sont activement recherch\u00e9s.<\/span><\/p>\n<\/div>\n<p>Auteur: Abderrafii ALOUMLIKI<br \/>\n<a href=\"http:\/\/aujourdhui.ma\/faits-divers\/el-jadida-8-ans-de-reclusion-criminelle-pour-des-violeurs-de-mineures\">Cliquez ici pour lire l&rsquo;article depuis sa source.<\/a><\/p>\n","protected":false},"excerpt":{"rendered":"<p>Les deux malfrats qui ont abus\u00e9 sexuellement et collectivement, avec la complicit\u00e9 de sept autres brigands, \u00e0 Azemmour, de trois filles mineures, ont \u00e9t\u00e9 condamn\u00e9s, par la chambre criminelle pr\u00e8s la Cour d\u2019appel d\u2019El Jadida, \u00e0 huit ans de r\u00e9clusion criminelle chacun. Les sept autres brigands sont consid\u00e9r\u00e9s en fuite et sont activement recherch\u00e9s.\u00a0Voulant rentrer [&hellip;]<\/p>\n","protected":false},"author":1759,"featured_media":0,"comment_status":"closed","ping_status":"closed","sticky":false,"template":"","format":"standard","meta":{"fifu_image_url":"","fifu_image_alt":"","footnotes":""},"categories":[73,54],"tags":[],"class_list":["post-64734","post","type-post","status-publish","format-standard","hentry","category-actualite","category-maroc"],"_links":{"self":[{"href":"https:\/\/linitiative.ca\/International\/wp-json\/wp\/v2\/posts\/64734","targetHints":{"allow":["GET"]}}],"collection":[{"href":"https:\/\/linitiative.ca\/International\/wp-json\/wp\/v2\/posts"}],"about":[{"href":"https:\/\/linitiative.ca\/International\/wp-json\/wp\/v2\/types\/post"}],"author":[{"embeddable":true,"href":"https:\/\/linitiative.ca\/International\/wp-json\/wp\/v2\/users\/1759"}],"replies":[{"embeddable":true,"href":"https:\/\/linitiative.ca\/International\/wp-json\/wp\/v2\/comments?post=64734"}],"version-history":[{"count":0,"href":"https:\/\/linitiative.ca\/International\/wp-json\/wp\/v2\/posts\/64734\/revisions"}],"wp:attachment":[{"href":"https:\/\/linitiative.ca\/International\/wp-json\/wp\/v2\/media?parent=64734"}],"wp:term":[{"taxonomy":"category","embeddable":true,"href":"https:\/\/linitiative.ca\/International\/wp-json\/wp\/v2\/categories?post=64734"},{"taxonomy":"post_tag","embeddable":true,"href":"https:\/\/linitiative.ca\/International\/wp-json\/wp\/v2\/tags?post=64734"}],"curies":[{"name":"wp","href":"https:\/\/api.w.org\/{rel}","templated":true}]}}