{"id":64735,"date":"2019-10-18T10:30:14","date_gmt":"2019-10-18T14:30:14","guid":{"rendered":"https:\/\/linitiative.ca\/International\/linterieur-veut-revitaliser-le-centre-historique-de-casablanca\/"},"modified":"2019-10-18T10:30:14","modified_gmt":"2019-10-18T14:30:14","slug":"linterieur-veut-revitaliser-le-centre-historique-de-casablanca","status":"publish","type":"post","link":"https:\/\/linitiative.ca\/International\/linterieur-veut-revitaliser-le-centre-historique-de-casablanca\/","title":{"rendered":"L\u2019Int\u00e9rieur veut revitaliser le centre historique de Casablanca"},"content":{"rendered":"<p><img decoding=\"async\" class=\"post_layout_5_img\" src=\"http:\/\/aujourdhui.ma\/wp-content\/uploads\/2019\/10\/Casablanca.jpg?x29840\" alt=\"L\u2019Int\u00e9rieur veut revitaliser le centre historique de Casablanca\"\/><\/p>\n<p class=\"p1\"><span class=\"c5\"><strong><span class=\"c4\"><em>Un plan pour booster son potentiel est \u00e0 l\u2019\u00e9tude<\/em><\/span><\/strong><\/span><span id=\"more-320596\"\/><\/p>\n<p class=\"p1\">Le minist\u00e8re de l\u2019int\u00e9rieur se penche sur le potentiel du centre historique de Casablanca. En effet, la tutelle travaille sur un plan de revitalisation de cette partie de la m\u00e9tropole appel\u00e9e \u00abquartier Art D\u00e9co\u00bb. L\u2019objectif \u00e9tant de mettre en valeur ses diff\u00e9rentes composantes identitaires que sont principalement son patrimoine architectural et paysager exceptionnel, ses espaces publics ainsi que la diversit\u00e9 de ses activit\u00e9s et fonctions, \u00e0 savoir services, logement, ou encore \u00e9quipements.<\/p>\n<p class=\"p1\"><em>\u00abCe potentiel tr\u00e8s riche du centre historique est appel\u00e9 aujourd\u2019hui \u00e0 jouer pleinement son r\u00f4le de support au renforcement de l\u2019offre culturelle, touristique et de loisirs de la ville de Casablanca\u00bb,<\/em> explique le minist\u00e8re de l\u2019int\u00e9rieur. Pour y parvenir, l\u2019Agence urbaine de Casablanca vient de lancer un appel d\u2019offres pour \u00ab<em>l\u2019\u00e9laboration d\u2019un plan de revitalisation du centre historique de Casablanca-Patrimoine du 20\u00e8me si\u00e8cle\u00bb<\/em> \u00e0 la suite duquel il sera question d\u2019int\u00e9grer ce centre dans la dynamique de d\u00e9veloppement urbain enclench\u00e9e \u00e0 ses abords, \u00e0 savoir la r\u00e9habilitation de la m\u00e9dina, Marina, Projet Wessal et son nouveau terminal de croisi\u00e8res mais \u00e9galement de faire du centre un espace de coh\u00e9sion sociale et le support d\u2019un d\u00e9veloppement urbain durable. Cette d\u00e9marche accompagne aussi la volont\u00e9 de renforcer l\u2019identit\u00e9 culturelle de Casablanca et l\u2019am\u00e9lioration de l\u2019attractivit\u00e9 de la ville \u00e0 l\u2019\u00e9chelle internationale, notamment sur le plan touristique. La dur\u00e9e fix\u00e9e pour la r\u00e9alisation de cette \u00e9tude est de six mois.<\/p>\n<p class=\"p3\"><strong>Guider l\u2019action des gestionnaires de la ville<\/strong><\/p>\n<p class=\"p1\">Cette partie de la ville a subi au fil des ans une d\u00e9gradation qui ne passe pas inaper\u00e7ue. Ainsi, le constat actuel des choses fait \u00e9tat de la v\u00e9tust\u00e9 et du vieillissement de son tissu urbain, de la d\u00e9t\u00e9rioration de ses espaces publics due principalement \u00e0 l\u2019absence d\u2019entretien et de nettoyage r\u00e9gulier, de la l\u00e9thargie de ses boulevards historiques, notamment le Bd Mohammed V, et de la congestion du trafic automobile malgr\u00e9 la cr\u00e9ation d\u2019une ligne de tramway, pr\u00e9cise le minist\u00e8re ajoutant \u00e0 cela l\u2019anarchie du secteur du transport collectif dominant notamment celui des grands et petits taxis et la probl\u00e9matique aigu\u00eb de stationnement.<\/p>\n<p class=\"p1\">Sans parler de l\u2019infrastructure touristique et h\u00f4teli\u00e8re en d\u00e9gradation et de l\u2019obsolescence de l\u2019activit\u00e9 commerciale aggrav\u00e9e par l\u2019arriv\u00e9e en masse de vendeurs ambulants. Afin de surmonter cette situation, le centre conna\u00eet des op\u00e9rations de requalification qui concernent en particulier le r\u00e9am\u00e9nagement de ses places historiques comme la Place administrative ou la Place des Nations Unies et la r\u00e9habilitation de sites et b\u00e2timents patrimoniaux (Eglise Sacr\u00e9-C\u0153ur, Parc de la Ligue Arabe, Parc Yasmina, La Casablancaise, le V\u00e9lodrome, la villa Karl Fick). N\u00e9anmoins, le minist\u00e8re de l\u2019int\u00e9rieur explique que ces actions ne s\u2019inscrivent pas dans une \u00abvision strat\u00e9gique d\u2019ensemble\u00bb mettant en avant la n\u00e9cessit\u00e9 de doter le centre historique de Casablanca d\u2019un plan de revitalisation qui permettra de guider l\u2019action des gestionnaires de la ville dans le futur. L\u2019objectif est double : il s\u2019agit de faire de Casablanca une ville agr\u00e9able et inclusive pour ses habitants et une destination touristique internationale attractive.<\/p>\n<p class=\"p3\"><span class=\"s1\"><strong>Dix actions \u00e0 entreprendre et des projets de conventions dans le pipe<\/strong><\/span><\/p>\n<p class=\"p1\"><span class=\"s1\">La feuille de route qui sera \u00e9labor\u00e9e devra couvrir dix axes comprenant entre autres la mise en valeur du patrimoine architectural, urbain et paysager, l\u2019am\u00e9lioration du cadre b\u00e2ti et de l\u2019offre en logement, la requalification des grands axes et places historiques, la mise \u00e0 niveau de l\u2019espace public (mobilier urbain, \u00e9clairage public, v\u00e9g\u00e9tal, eau, signal\u00e9tique, Charte urbaine et paysag\u00e8re), la production et la diversification d\u2019une offre culturelle et de loisirs.<\/span><\/p>\n<p class=\"p1\"><span class=\"s1\">A ces actions s\u2019ajoutent \u00e9galement la mise en tourisme du c\u0153ur de la ville, la production et la diversification d\u2019une offre culturelle et de loisirs, l\u2019am\u00e9lioration de l\u2019offre commerciale, l\u2019optimisation des conditions de la mobilit\u00e9 et de l\u2019offre en stationnement avec la mise en place d\u2019un Sch\u00e9ma de circulation et de stationnement du centre historique. Parmi ces actions, le minist\u00e8re pr\u00e9voit \u00e9galement l\u2019\u00e9laboration d\u2019un sch\u00e9ma digital de communication et de promotion touristique dans le cadre de la digitalisation du centre historique de la m\u00e9tropole. Pour mat\u00e9rialiser les actions \u00e0 mener, des projets de convention types seront \u00e9galement mis en \u0153uvre et ce en fonction de la nature de l\u2019action propos\u00e9e et des partenaires concern\u00e9s (Etat, collectivit\u00e9s, priv\u00e9, particulier).<\/span><\/p>\n<div class=\"base-box mom_box_sc_custom mom_box_sc clear c8\" readability=\"23\">\n<p class=\"p1\"><span class=\"c7\"><strong><span class=\"c6\">M\u00e9dina et Derb Omar exclus<\/span><\/strong><\/span><\/p>\n<p class=\"p1\"><span class=\"s1\"><a href=\"http:\/\/aujourdhui.ma\/wp-content\/uploads\/2019\/10\/Casablanca-plan-derb-omar.jpg?x29840\"><img loading=\"lazy\" decoding=\"async\" class=\"wp-image-320598 alignleft\" src=\"http:\/\/aujourdhui.ma\/wp-content\/uploads\/2019\/10\/Casablanca-plan-derb-omar.jpg?x29840\" alt=\"\" width=\"308\" height=\"220\" srcset=\"http:\/\/aujourdhui.ma\/wp-content\/uploads\/2019\/10\/Casablanca-plan-derb-omar.jpg 500w, http:\/\/aujourdhui.ma\/wp-content\/uploads\/2019\/10\/Casablanca-plan-derb-omar-300x214.jpg 300w\" sizes=\"auto, (max-width: 308px) 100vw, 308px\"\/><\/a>L\u2019aire de l\u2019\u00e9tude concerne le centre historique de Casablanca nomm\u00e9 \u00abquartier Art D\u00e9co\u00bb. Cette partie de la ville abrite la plus forte densit\u00e9 de b\u00e2timents patrimoniaux de la ville, pr\u00e9cise le minist\u00e8re de l\u2019int\u00e9rieur soulignant qu\u2019elle compte des boulevards et des places historiques dont la trame urbaine a \u00e9t\u00e9 \u00e9labor\u00e9e au tout d\u00e9but du 20\u00e8me si\u00e8cle. Le p\u00e9rim\u00e8tre de cette \u00e9tude exclut la m\u00e9dina qui fait l\u2019objet d\u2019un programme de r\u00e9habilitation et le tissu urbain qui touche les activit\u00e9s commerciales de Derb Omar.<\/span><\/p>\n<p class=\"p1\"><span class=\"s1\">Ce projet s\u2019ajoute<span class=\"Apple-converted-space\">\u00a0<\/span> \u00e0 la panoplie de programmes que conna\u00eet la m\u00e9tropole ces derni\u00e8res ann\u00e9es la transformant en un chantier ouvert dont le Plan de d\u00e9veloppement r\u00e9gional du Grand Casablanca (PDGC 2015-2020), la convention relative \u00e0 la valorisation et la pr\u00e9servation du patrimoine de Casablanca, le Projet de r\u00e9habilitation et de mise \u00e0 niveau de la m\u00e9dina, le Plan de sauvegarde et de valorisation du patrimoine architectural, paysager et urbain de Casablanca, ou encore le Plan de d\u00e9veloppement r\u00e9gional du tourisme (PDRT) et le contrat-programme r\u00e9gional du tourisme \u00e0 l\u2019horizon 2020 (CPRT).<\/span><\/p>\n<\/div>\n<p>Auteur: Ouchagour Leila<br \/>\n<a href=\"http:\/\/aujourdhui.ma\/societe\/linterieur-veut-revitaliser-le-centre-historique-de-casablanca\">Cliquez ici pour lire l&rsquo;article depuis sa source.<\/a><\/p>\n","protected":false},"excerpt":{"rendered":"<p>Un plan pour booster son potentiel est \u00e0 l\u2019\u00e9tude Le minist\u00e8re de l\u2019int\u00e9rieur se penche sur le potentiel du centre historique de Casablanca. En effet, la tutelle travaille sur un plan de revitalisation de cette partie de la m\u00e9tropole appel\u00e9e \u00abquartier Art D\u00e9co\u00bb. L\u2019objectif \u00e9tant de mettre en valeur ses diff\u00e9rentes composantes identitaires que sont [&hellip;]<\/p>\n","protected":false},"author":1759,"featured_media":0,"comment_status":"closed","ping_status":"closed","sticky":false,"template":"","format":"standard","meta":{"fifu_image_url":"","fifu_image_alt":"","footnotes":""},"categories":[73,54],"tags":[],"class_list":["post-64735","post","type-post","status-publish","format-standard","hentry","category-actualite","category-maroc"],"_links":{"self":[{"href":"https:\/\/linitiative.ca\/International\/wp-json\/wp\/v2\/posts\/64735","targetHints":{"allow":["GET"]}}],"collection":[{"href":"https:\/\/linitiative.ca\/International\/wp-json\/wp\/v2\/posts"}],"about":[{"href":"https:\/\/linitiative.ca\/International\/wp-json\/wp\/v2\/types\/post"}],"author":[{"embeddable":true,"href":"https:\/\/linitiative.ca\/International\/wp-json\/wp\/v2\/users\/1759"}],"replies":[{"embeddable":true,"href":"https:\/\/linitiative.ca\/International\/wp-json\/wp\/v2\/comments?post=64735"}],"version-history":[{"count":0,"href":"https:\/\/linitiative.ca\/International\/wp-json\/wp\/v2\/posts\/64735\/revisions"}],"wp:attachment":[{"href":"https:\/\/linitiative.ca\/International\/wp-json\/wp\/v2\/media?parent=64735"}],"wp:term":[{"taxonomy":"category","embeddable":true,"href":"https:\/\/linitiative.ca\/International\/wp-json\/wp\/v2\/categories?post=64735"},{"taxonomy":"post_tag","embeddable":true,"href":"https:\/\/linitiative.ca\/International\/wp-json\/wp\/v2\/tags?post=64735"}],"curies":[{"name":"wp","href":"https:\/\/api.w.org\/{rel}","templated":true}]}}