{"id":64736,"date":"2019-10-18T10:44:49","date_gmt":"2019-10-18T14:44:49","guid":{"rendered":"https:\/\/linitiative.ca\/International\/exposition-de-lartiste-et-ecrivain-youssef-wahboun-a-lif-de-rabat\/"},"modified":"2019-10-18T10:44:49","modified_gmt":"2019-10-18T14:44:49","slug":"exposition-de-lartiste-et-ecrivain-youssef-wahboun-a-lif-de-rabat","status":"publish","type":"post","link":"https:\/\/linitiative.ca\/International\/exposition-de-lartiste-et-ecrivain-youssef-wahboun-a-lif-de-rabat\/","title":{"rendered":"Exposition de l\u2019artiste et \u00e9crivain Youssef Wahboun \u00e0 l\u2019IF de Rabat"},"content":{"rendered":"<header>\n<div class=\"entry-post-meta\">\n<div class=\"author-link\">Publi\u00e9 par <a itemprop=\"author\" itemscope=\"\" itemtype=\"https:\/\/schema.org\/Person\" href=\"http:\/\/aujourdhui.ma\/profile\/kaid\" rel=\"author\"><span itemprop=\"name\">ALM<\/span><\/a><\/div>\n<p>Date\u00a0:<time content=\"2019-10-18T15:44:49+00:00\" class=\"entry-date updated\" datetime=\"2019-10-18T15:44:49+00:00\">octobre 18, 2019<\/time><\/p>\n<div class=\"entry-cat\">dans:<a href=\"http:\/\/aujourdhui.ma\/category\/culture\" rel=\"category tag\">Culture<\/a><\/div>\n<p>0Vues<\/p>\n<\/div>\n<\/header>\n<div class=\"entry-content clearfix\" readability=\"42\"><img decoding=\"async\" class=\"post_layout_5_img\" src=\"http:\/\/aujourdhui.ma\/wp-content\/uploads\/2019\/10\/Exposition-Youssef-Wahboun-La-Balancoire.jpg?x29840\" alt=\"Exposition de l\u2019artiste et \u00e9crivain Youssef Wahboun \u00e0 l\u2019IF de Rabat\"\/><\/p>\n<p class=\"p1\"><span class=\"s1\"><span class=\"c4\"><strong>Entre le 30 octobre et le 22 novembre 2019, Youssef Wahboun expose ses peintures r\u00e9centes \u00e0 la galerie de l\u2019Institut Fran\u00e7ais de Rabat.<\/strong><\/span><\/span> <span id=\"more-320461\"\/><\/p>\n<p class=\"p1\"><span class=\"s1\">Intitul\u00e9e par antiphrase \u00ab Le monde va tellement bien\u00bb, une s\u00e9rie de 20 techniques mixtes sur toile et sur bois met en sc\u00e8ne le calvaire existentiel de l\u2019homme contemporain, vou\u00e9 autant aux tourments de la chair qu\u2019\u00e0 l\u2019inqui\u00e9tude de l\u2019esprit, pi\u00e9g\u00e9 dans un monde accul\u00e9 \u00e0 s\u2019accoutumer au mal.<\/span><\/p>\n<\/div>\n<p>Auteur: ALM<br \/>\n<a href=\"http:\/\/aujourdhui.ma\/culture\/exposition-de-lartiste-et-ecrivain-youssef-wahboun-a-lif-de-rabat\">Cliquez ici pour lire l&rsquo;article depuis sa source.<\/a><\/p>\n","protected":false},"excerpt":{"rendered":"<p>Publi\u00e9 par ALM Date\u00a0:octobre 18, 2019 dans:Culture 0Vues Entre le 30 octobre et le 22 novembre 2019, Youssef Wahboun expose ses peintures r\u00e9centes \u00e0 la galerie de l\u2019Institut Fran\u00e7ais de Rabat. Intitul\u00e9e par antiphrase \u00ab Le monde va tellement bien\u00bb, une s\u00e9rie de 20 techniques mixtes sur toile et sur bois met en sc\u00e8ne le [&hellip;]<\/p>\n","protected":false},"author":1759,"featured_media":0,"comment_status":"closed","ping_status":"closed","sticky":false,"template":"","format":"standard","meta":{"fifu_image_url":"","fifu_image_alt":"","footnotes":""},"categories":[73,54],"tags":[],"class_list":["post-64736","post","type-post","status-publish","format-standard","hentry","category-actualite","category-maroc"],"_links":{"self":[{"href":"https:\/\/linitiative.ca\/International\/wp-json\/wp\/v2\/posts\/64736","targetHints":{"allow":["GET"]}}],"collection":[{"href":"https:\/\/linitiative.ca\/International\/wp-json\/wp\/v2\/posts"}],"about":[{"href":"https:\/\/linitiative.ca\/International\/wp-json\/wp\/v2\/types\/post"}],"author":[{"embeddable":true,"href":"https:\/\/linitiative.ca\/International\/wp-json\/wp\/v2\/users\/1759"}],"replies":[{"embeddable":true,"href":"https:\/\/linitiative.ca\/International\/wp-json\/wp\/v2\/comments?post=64736"}],"version-history":[{"count":0,"href":"https:\/\/linitiative.ca\/International\/wp-json\/wp\/v2\/posts\/64736\/revisions"}],"wp:attachment":[{"href":"https:\/\/linitiative.ca\/International\/wp-json\/wp\/v2\/media?parent=64736"}],"wp:term":[{"taxonomy":"category","embeddable":true,"href":"https:\/\/linitiative.ca\/International\/wp-json\/wp\/v2\/categories?post=64736"},{"taxonomy":"post_tag","embeddable":true,"href":"https:\/\/linitiative.ca\/International\/wp-json\/wp\/v2\/tags?post=64736"}],"curies":[{"name":"wp","href":"https:\/\/api.w.org\/{rel}","templated":true}]}}