{"id":64738,"date":"2019-10-18T06:33:07","date_gmt":"2019-10-18T10:33:07","guid":{"rendered":"https:\/\/linitiative.ca\/International\/nabil-benabdallah-il-faut-etre-present-au-sein-des-institutions-qui-font-la-loi\/"},"modified":"2019-10-18T06:33:07","modified_gmt":"2019-10-18T10:33:07","slug":"nabil-benabdallah-il-faut-etre-present-au-sein-des-institutions-qui-font-la-loi","status":"publish","type":"post","link":"https:\/\/linitiative.ca\/International\/nabil-benabdallah-il-faut-etre-present-au-sein-des-institutions-qui-font-la-loi\/","title":{"rendered":"Nabil Benabdallah: \u00abil faut \u00eatre pr\u00e9sent au sein des institutions qui font la loi\u00bb"},"content":{"rendered":"<p class=\"c5\"><span class=\"c4\"><strong><span class=\"c2\">L<\/span><span class=\"c3\">a question de l\u2019avortement \u00e9tait au centre d\u2019un \u00abGrand D\u00e9bat de la Jeunesse\u00bb, organis\u00e9, mercredi soir, par les \u00e9tudiants de l\u2019Universit\u00e9 Mohammed VI des Sciences de la Sant\u00e9 sur le site d\u2019Anfa City avec la participation de Mohamed Nabil Benabdallah, SG du PPS, Nabila Mounib, Secr\u00e9taire g\u00e9n\u00e9rale du Parti socialiste unifi\u00e9 (PSU) et porte-parole de la F\u00e9d\u00e9ration de la gauche d\u00e9mocratique (FGD) Sonia Terrab, militante des droits des femmes, Mohamed Abdelwahhab al-Rafiki alias Abou Hafs, Karima Nadir et Mehdi Bensaid, ancien d\u00e9put\u00e9.<\/span><\/strong><\/span><\/p>\n<p class=\"c5\">Devant un amphith\u00e9\u00e2tre archi comble, les invit\u00e9s au d\u00e9bat ont fait le tour de la question. Et, tour \u00e0 tour, les diff\u00e9rents intervenants ont d\u00e9velopp\u00e9 leurs perceptions sur une question qui a secou\u00e9 l\u2019opinion publique, durant la derni\u00e8re p\u00e9riode.<\/p>\n<p class=\"c5\">Et, pure co\u00efncidence, la conf\u00e9rence s\u2019est tenue quelques heures apr\u00e8s l\u2019annonce de la gr\u00e2ce royale accord\u00e9e \u00e0 Hajar Ra\u00efssouni, \u00e0 son fianc\u00e9 ainsi qu\u2019\u00e0 l\u2019\u00e9quipe m\u00e9dicale, condamn\u00e9s par la justice.<\/p>\n<p class=\"c5\">Et si le Pr Chafik Chraibi a donn\u00e9 des chiffres sur les avortements clandestins, notamment traditionnels, et les complications m\u00e9dicales qui s\u2019en suivent, il a revendiqu\u00e9 une r\u00e9vision des lois, face \u00e0 la \u00abmain de fer\u00bb qui fait qu\u2019il y a, aujourd\u2019hui, \u00abdes arrestations courantes\u00bb, contrairement \u00e0 il y a quelques d\u00e9cennies\u2026<\/p>\n<p class=\"c5\">Mohamed Abdelwahhab al-Rafiki, lui, a abord\u00e9 la question de l\u2019avortement selon les valeurs religieuses et celles sociales.\u00a0 Abou Hafs estime que le rite mal\u00e9kite est le plus \u00abextr\u00e9miste\u00bb et conservateur sur cette question, affirmant que les avis religieux formul\u00e9s sont devenus archa\u00efques et que, de nos jours, \u00abil y a de nouvelles conditions\u00bb qui supposent des lois avanc\u00e9es qui tiennent compte de la situation \u00e9conomique et sociale et de \u00ab la volont\u00e9 de la m\u00e8re d\u2019avorter\u00bb.<\/p>\n<p class=\"c5\">Pour sa part, Sonia Terrab, en militante des droits de la femme, a salu\u00e9 \u00abla victoire de la mobilisation des jeunes, une premi\u00e8re victoire\u2026\u00bb. Et d\u2019ajouter, \u00abnous sommes tous des hors-la-loi et nos efforts ont \u00e9t\u00e9 r\u00e9compens\u00e9s pour continuer le combat afin de changer les mentalit\u00e9s et les lois\u00bb.<\/p>\n<p class=\"c5\">Karima Nadir, elle, a insist\u00e9 sur le droit \u00ab face \u00e0 des lois injustes \u00bb. L\u2019\u00e9ditrice-activiste a \u00e9galement fourni quelques donn\u00e9es chiffr\u00e9es sur le nombre d\u2019avortements, des m\u00e8res c\u00e9libataires, des enfants abandonn\u00e9s\u2026 pour r\u00e9clamer, haut et fort, \u00ab l\u2019abandon de la criminalisation de l\u2019avortement\u00bb.<\/p>\n<p class=\"c5\">Mehdi Bensaid a, de son c\u00f4t\u00e9, centr\u00e9 son intervention sur l\u2019Etat qui \u00abdoit d\u00e9fendre les minorit\u00e9s\u00bb, faisant allusion \u00e0 une provocation selon laquelle l\u2019avortement ne serait qu\u2019\u00abune revendication d\u2019une minorit\u00e9 bourgeoise qui imite l\u2019Occident\u00bb (sic). L\u2019ancien d\u00e9put\u00e9 du PAM, l\u2019avortement est une revendication qui s\u2019inscrit dans \u00abl\u2019Etat de droit et non pas dans un pr\u00e9tendu rapport Occident-Orient\u00bb.<\/p>\n<p class=\"c5\">Nabila Mounib a, d\u00e8s le d\u00e9part, plaid\u00e9 pour un \u00abchangement radical\u00bb, y compris en mati\u00e8re d\u2019interruption volontaire de grossesse ou \u00abgrossesse non d\u00e9sir\u00e9e\u00bb.<\/p>\n<p class=\"c5\">Rappelant les passions et les clivages qui ont caract\u00e9ris\u00e9 le d\u00e9bat autour de cette question, la Secr\u00e9taire g\u00e9n\u00e9rale du Parti socialiste Unifi\u00e9 (PSU) s\u2019est \u00e9tal\u00e9e sur les notions d\u2019\u00abignorance sacr\u00e9e\u00bb et d\u2019\u00abignorance institutionnalis\u00e9e\u00bb.<\/p>\n<p class=\"c5\">Pour elle \u00abbeaucoup reste \u00e0 faire, et la lutte doit se poursuivre pour qu\u2019il n\u2019y ait pas d\u2019autres victimes. Notamment au niveau de la r\u00e9forme des lois et la protection des libert\u00e9s dans notre pays\u00bb. Beaucoup de choses restent \u00e0 faire surtout au niveau de l\u2019amendement du Code p\u00e9nal.<\/p>\n<p class=\"c5\">Dernier intervenant dans ce d\u00e9bat, Mohamed Nabil Benabdallah s\u2019est f\u00e9licit\u00e9 de la gr\u00e2ce royale et de la \u00abgrandeur\u00bb de cette d\u00e9cision qui va \u00ab dans le sens souhait\u00e9 par de larges pans de la soci\u00e9t\u00e9 marocaine\u00bb.<\/p>\n<p class=\"c5\">Le Secr\u00e9taire g\u00e9n\u00e9ral du Parti du progr\u00e8s et du socialisme a rappel\u00e9 que l\u2019affaire Hajar est \u00abune atteinte aux libert\u00e9s individuelles et a donn\u00e9 une image choquante qui a touch\u00e9 \u00e0 la vie priv\u00e9e d\u2019une personne, \u00e9tal\u00e9e sur la voie publique, \u00e0 son intimit\u00e9\u00bb\u2026 Cela \u00ab est indigne du Maroc que nous voulons\u00bb.<\/p>\n<p class=\"c5\">Le SG du PPS a \u00e9galement appel\u00e9 \u00e0 ne plus prendre pour cibles les partis politiques s\u00e9rieux, en d\u00e9pit des \u00e9ventuelles insuffisances et torts. Avec ce que nous sommes, nous avons besoin de renforcer la voie de la d\u00e9mocratie et de la libert\u00e9. Car nous vivons encore des conservatismes qui encha\u00eenent les femmes plus que les hommes. Nos valeurs sont celles port\u00e9es par les hommes de progr\u00e8s. Il ne s\u2019agit ni d\u2019Occident ni d\u2019Orient. Nous sommes des Marocaines et des Marocains et nous sommes fiers de l\u2019\u00eatre\u00bb.<\/p>\n<p class=\"c5\">L\u2019orateur a aussi rappel\u00e9 le combat autour de la libert\u00e9\u00a0 de conscience \u00ab avort\u00e9 \u00bb lors des d\u00e9bats sur la Constitution, rappelant les retards constat\u00e9s\u00a0 au niveau des acquis en mati\u00e8re d\u2019\u00e9galit\u00e9 r\u00e9elle (Code de la famille\u2026). Il s\u2019est dit \u00abd\u00e9sol\u00e9 de constater que les choses n\u2019avancent pas et reculent\u00bb.<\/p>\n<p class=\"c5\">Benabdallah a aussi rappel\u00e9 que les d\u00e9put\u00e9s du PPS avaient fait une proposition de loi qui fait sortir la question de l\u2019interruption volontaire de la grossesse du carcan p\u00e9nal pour le faire figurer comme \u00abun droit \u00e0 la sant\u00e9\u00bb. H\u00e9las le texte en cours de d\u00e9bat au Parlement \u00e9carte cette proposition et ne repr\u00e9sente qu\u2019un l\u00e9ger assouplissement pour l\u2019avortement en cas de viol, d\u2019inceste et de malformation du f\u0153tus, auxquels le PPS rajoute le droit d\u2019avortement en cas de viol de mineure.<\/p>\n<p class=\"c5\">Pour le leader du PPS, \u00abNous sommes en face \u00e0 une loi injuste et d\u00e9pass\u00e9e\u00bb, d\u2019o\u00f9 l\u2019urgence d\u2019\u00abagir vite pour amender cette loi, l\u2019article 493 qui reste \u00e0 revoir, et pr\u00e9voir des textes plus respectueux des libert\u00e9s individuelles\u00bb.<\/p>\n<p class=\"c5\">Cela passe, selon lui, par l\u2019urgence \u00abd\u2019investir les institutions. Car c\u2019est l\u00e0 le terrain o\u00f9 les lois se fassent\u00bb, conclut-il.<\/p>\n<p class=\"c6\"><strong>Mohamed Khalil<\/strong><\/p>\n<p class=\"c7\"><span class=\"c2\">Les r\u00e9actions<\/span><\/p>\n<p class=\"c5\"><span class=\"c3\"><strong>Lors du d\u00e9bat sur l\u2019avortement, le Secr\u00e9taire g\u00e9n\u00e9ral du PPS et la Secr\u00e9taire g\u00e9n\u00e9rale duu PSU ont r\u00e9pondu, \u00e0 chaud, \u00e0 des questions de journalistes sur la gr\u00e2ce royale.<\/strong><\/span><\/p>\n<p class=\"c5\"><span class=\"c3\"><strong>Nabil Benabdallah s\u2019est dit \u00ab\u00a0tr\u00e8s heureux de cette gr\u00e2ce, surtout que le PPS avait appel\u00e9 de ses v\u0153ux \u00e0 l\u2019abandon des poursuites contre Hajar et les autres victimes de cette affaire. Nous voyons en cela une atteinte \u00e0 la libert\u00e9s individuelles et une image choquante\u00a0 portant\u00a0 pr\u00e9judice \u00e0 la vie d\u2019une personne et \u00e0 son intimit\u00e9, qui est \u00e9tal\u00e9e\u2026\u00bb.<\/strong><\/span><\/p>\n<p class=\"c5\"><span class=\"c3\"><strong>\u00abJe voudrais remercier SM le Roi. Car il faudra beaucoup de grandeur\u00a0 pour prendre une d\u00e9cision et aller dans le sens souhait\u00e9 par de larges pans de la soci\u00e9t\u00e9 marocaine\u00bb.<\/strong><\/span><\/p>\n<p class=\"c5\"><span class=\"c3\"><strong>Nabila Mounib, elle, a d\u00e9clar\u00e9 que \u00abHajar est libre. C\u2019est ce qui compte et qui est important. La lutte doit se poursuivre pour qu\u2019il n\u2019y ait\u00a0 pas d\u2019autre casse\u2026 \u00e0 l\u2019avenir. Il reste beaucoup \u00e0 faire au niveau de la r\u00e9forme des lois, notamment au niveau du Code p\u00e9nal et concernant les libert\u00e9s dans notre pays. Car il y a d\u2019autres Hajar\u2026\u00bb.<\/strong><\/span><\/p>\n<p>Auteur: M&rsquo;hammed rahal<br \/>\n<a href=\"http:\/\/albayane.press.ma\/nabil-benabdallah-il-faut-etre-present-au-sein-des-institutions-qui-font-la-loi.html\">Cliquez ici pour lire l&rsquo;article depuis sa source.<\/a><\/p>\n","protected":false},"excerpt":{"rendered":"<p>La question de l\u2019avortement \u00e9tait au centre d\u2019un \u00abGrand D\u00e9bat de la Jeunesse\u00bb, organis\u00e9, mercredi soir, par les \u00e9tudiants de l\u2019Universit\u00e9 Mohammed VI des Sciences de la Sant\u00e9 sur le site d\u2019Anfa City avec la participation de Mohamed Nabil Benabdallah, SG du PPS, Nabila Mounib, Secr\u00e9taire g\u00e9n\u00e9rale du Parti socialiste unifi\u00e9 (PSU) et porte-parole de [&hellip;]<\/p>\n","protected":false},"author":1760,"featured_media":0,"comment_status":"closed","ping_status":"closed","sticky":false,"template":"","format":"standard","meta":{"fifu_image_url":"","fifu_image_alt":"","footnotes":""},"categories":[73,54],"tags":[],"class_list":["post-64738","post","type-post","status-publish","format-standard","hentry","category-actualite","category-maroc"],"_links":{"self":[{"href":"https:\/\/linitiative.ca\/International\/wp-json\/wp\/v2\/posts\/64738","targetHints":{"allow":["GET"]}}],"collection":[{"href":"https:\/\/linitiative.ca\/International\/wp-json\/wp\/v2\/posts"}],"about":[{"href":"https:\/\/linitiative.ca\/International\/wp-json\/wp\/v2\/types\/post"}],"author":[{"embeddable":true,"href":"https:\/\/linitiative.ca\/International\/wp-json\/wp\/v2\/users\/1760"}],"replies":[{"embeddable":true,"href":"https:\/\/linitiative.ca\/International\/wp-json\/wp\/v2\/comments?post=64738"}],"version-history":[{"count":0,"href":"https:\/\/linitiative.ca\/International\/wp-json\/wp\/v2\/posts\/64738\/revisions"}],"wp:attachment":[{"href":"https:\/\/linitiative.ca\/International\/wp-json\/wp\/v2\/media?parent=64738"}],"wp:term":[{"taxonomy":"category","embeddable":true,"href":"https:\/\/linitiative.ca\/International\/wp-json\/wp\/v2\/categories?post=64738"},{"taxonomy":"post_tag","embeddable":true,"href":"https:\/\/linitiative.ca\/International\/wp-json\/wp\/v2\/tags?post=64738"}],"curies":[{"name":"wp","href":"https:\/\/api.w.org\/{rel}","templated":true}]}}