{"id":64739,"date":"2019-10-18T06:42:10","date_gmt":"2019-10-18T10:42:10","guid":{"rendered":"https:\/\/linitiative.ca\/International\/el-bouzidi-les-etudiants-es-de-taounate-sans-bourse-et-sans-cite-universitaires\/"},"modified":"2019-10-18T06:42:10","modified_gmt":"2019-10-18T10:42:10","slug":"el-bouzidi-les-etudiants-es-de-taounate-sans-bourse-et-sans-cite-universitaires","status":"publish","type":"post","link":"https:\/\/linitiative.ca\/International\/el-bouzidi-les-etudiants-es-de-taounate-sans-bourse-et-sans-cite-universitaires\/","title":{"rendered":"El Bouzidi:  les \u00e9tudiants (es) de Taounate sans bourse et sans cit\u00e9 universitaires?"},"content":{"rendered":"<p class=\"c4\"><span class=\"c3\"><em><span class=\"c2\">M<\/span>ais o\u00f9 est donc la v\u00e9rit\u00e9, alors que de nombreux \u00e9tudiants (es), appel\u00e9s \u00e0 poursuivre leurs \u00e9tudes \u00e0 F\u00e8s, ont eu la mauvaise surprise d\u2019apprendre ce lundi 14 octobre qu\u2019ils n\u2019ont pas b\u00e9n\u00e9fici\u00e9 d\u2019une bourse d\u2019\u00e9tudes et de la cit\u00e9 universitaire, a indiqu\u00e9 le d\u00e9put\u00e9 du PPS Abdellah El Bouzidi, membre du Groupement parlementaire du progr\u00e8s et du socialisme \u00e0 la Chambre des Repr\u00e9sentants.<\/em><\/span><\/p>\n<p class=\"c4\">R\u00e9agissant \u00e0 la r\u00e9ponse du ministre de l\u2019\u00c9ducation nationale, de la formation professionnelle et de la recherche scientifique, Said Amazazi, lors de la s\u00e9ance des questions orales du 14 octobre, le d\u00e9put\u00e9 du PPS a fait savoir que m\u00eame des \u00e9tudiants (es) issus de familles \u00e0 revenus d\u00e9risoires sont priv\u00e9s cette ann\u00e9e de bourses et de la cit\u00e9 universitaires.<\/p>\n<p class=\"c4\">La question au ministre portait sur le th\u00e8me de la g\u00e9n\u00e9ralisation de la bourse universitaire et de la non-application du quota de b\u00e9n\u00e9ficier du logement universitaire aux \u00e9tudiants (es) des provinces recul\u00e9es et rurales.<\/p>\n<p class=\"c4\">Dans sa r\u00e9ponse, le ministre a indiqu\u00e9 que l\u2019octroi des bourses d\u2019\u00e9tudes et du logement dans les cit\u00e9s universitaires est une revendication \u00e0 caract\u00e8re social, dont le traitement fait partie des priorit\u00e9s du d\u00e9partement de tutelle. C\u2019est pourquoi, les provinces qui ne disposent pas de r\u00e9sidence universitaire, de cit\u00e9 et d\u2019\u00e9tablissement universitaires ont b\u00e9n\u00e9fici\u00e9 d\u2019un taux de 95%. Pour les 5% restants, le minist\u00e8re de tutelle va essayer d\u2019y r\u00e9pondre dans le cadre de la loi de finances 2020 en lui consacrant 160 millions de Dirhams, pour atteindre 100% pour ce qui concerne 25 provinces, recens\u00e9es comme \u00e9tant confront\u00e9es au manque et \u00e0 la pr\u00e9carit\u00e9.<\/p>\n<p class=\"c5\"><strong>M\u2019Barek Tafsi\u00a0 \u00a0<\/strong><\/p>\n<p>Auteur: M&rsquo;hammed rahal<br \/>\n<a href=\"http:\/\/albayane.press.ma\/el-bouzidi-les-etudiants-es-de-taounate-sans-bourse-et-sans-cite-universitaires.html\">Cliquez ici pour lire l&rsquo;article depuis sa source.<\/a><\/p>\n","protected":false},"excerpt":{"rendered":"<p>Mais o\u00f9 est donc la v\u00e9rit\u00e9, alors que de nombreux \u00e9tudiants (es), appel\u00e9s \u00e0 poursuivre leurs \u00e9tudes \u00e0 F\u00e8s, ont eu la mauvaise surprise d\u2019apprendre ce lundi 14 octobre qu\u2019ils n\u2019ont pas b\u00e9n\u00e9fici\u00e9 d\u2019une bourse d\u2019\u00e9tudes et de la cit\u00e9 universitaire, a indiqu\u00e9 le d\u00e9put\u00e9 du PPS Abdellah El Bouzidi, membre du Groupement parlementaire du [&hellip;]<\/p>\n","protected":false},"author":1760,"featured_media":0,"comment_status":"closed","ping_status":"closed","sticky":false,"template":"","format":"standard","meta":{"fifu_image_url":"","fifu_image_alt":"","footnotes":""},"categories":[73,54],"tags":[],"class_list":["post-64739","post","type-post","status-publish","format-standard","hentry","category-actualite","category-maroc"],"_links":{"self":[{"href":"https:\/\/linitiative.ca\/International\/wp-json\/wp\/v2\/posts\/64739","targetHints":{"allow":["GET"]}}],"collection":[{"href":"https:\/\/linitiative.ca\/International\/wp-json\/wp\/v2\/posts"}],"about":[{"href":"https:\/\/linitiative.ca\/International\/wp-json\/wp\/v2\/types\/post"}],"author":[{"embeddable":true,"href":"https:\/\/linitiative.ca\/International\/wp-json\/wp\/v2\/users\/1760"}],"replies":[{"embeddable":true,"href":"https:\/\/linitiative.ca\/International\/wp-json\/wp\/v2\/comments?post=64739"}],"version-history":[{"count":0,"href":"https:\/\/linitiative.ca\/International\/wp-json\/wp\/v2\/posts\/64739\/revisions"}],"wp:attachment":[{"href":"https:\/\/linitiative.ca\/International\/wp-json\/wp\/v2\/media?parent=64739"}],"wp:term":[{"taxonomy":"category","embeddable":true,"href":"https:\/\/linitiative.ca\/International\/wp-json\/wp\/v2\/categories?post=64739"},{"taxonomy":"post_tag","embeddable":true,"href":"https:\/\/linitiative.ca\/International\/wp-json\/wp\/v2\/tags?post=64739"}],"curies":[{"name":"wp","href":"https:\/\/api.w.org\/{rel}","templated":true}]}}