{"id":64741,"date":"2019-10-18T06:58:37","date_gmt":"2019-10-18T10:58:37","guid":{"rendered":"https:\/\/linitiative.ca\/International\/sm-le-roi-mohammed-vi-accorde-sa-grace-a-hajar-raissouni-et-ses-codetenus\/"},"modified":"2019-10-18T06:58:37","modified_gmt":"2019-10-18T10:58:37","slug":"sm-le-roi-mohammed-vi-accorde-sa-grace-a-hajar-raissouni-et-ses-codetenus","status":"publish","type":"post","link":"https:\/\/linitiative.ca\/International\/sm-le-roi-mohammed-vi-accorde-sa-grace-a-hajar-raissouni-et-ses-codetenus\/","title":{"rendered":"SM le Roi Mohammed VI accorde Sa gr\u00e2ce \u00e0 Hajar Raissouni et ses cod\u00e9tenus"},"content":{"rendered":"<p class=\"c4\"><span class=\"c3\"><strong><span class=\"c2\">SM le Roi Mohammed VI,<\/span> que Dieu l\u2019assiste, a accord\u00e9 Sa gr\u00e2ce \u00e0 Mlle Hajar Raissouni, condamn\u00e9e \u00e0 une peine de prison et qui fait toujours l\u2019objet de poursuites judiciaires, indique un communiqu\u00e9 du Minist\u00e8re de la justice.<\/strong><\/span><\/p>\n<p class=\"c4\"><span class=\"c3\"><strong>Cette gr\u00e2ce Royale s\u2019inscrit dans le cadre de la compassion et la cl\u00e9mence reconnues au Souverain et du souci de SM le Roi de pr\u00e9server l\u2019avenir des deux fianc\u00e9s qui comptaient fonder une famille conform\u00e9ment aux pr\u00e9ceptes religieux et \u00e0 la loi, malgr\u00e9 l\u2019erreur qu\u2019ils auraient commise et qui a conduit \u00e0 cette poursuite judiciaire, ajoute le communiqu\u00e9.<\/strong><\/span><\/p>\n<p class=\"c4\"><span class=\"c3\"><strong>Dans ce m\u00eame contexte, SM le Roi a bien voulu accorder Sa gr\u00e2ce au fianc\u00e9 de Hajar Raissouni et \u00e0 l\u2019\u00e9quipe m\u00e9dicale poursuivie dans cette affaire.<\/strong><\/span><\/p>\n<p class=\"c4\"><span class=\"c3\"><strong>Puisse Dieu garder Sa Majest\u00e9 le Roi, source de cl\u00e9mence et de mis\u00e9ricorde, perp\u00e9tuer Sa gloire et pr\u00e9server Son Altesse Royale le Prince H\u00e9ritier Moulay Al Hassan ainsi que tous les membres de la Famille Royale\u00a0\u00bb.<\/strong><\/span><\/p>\n<p>Auteur: M&rsquo;hammed rahal<br \/>\n<a href=\"http:\/\/albayane.press.ma\/sm-le-roi-mohammed-vi-accorde-sa-grace-a-hajar-raissouni-et-ses-codetenus.html\">Cliquez ici pour lire l&rsquo;article depuis sa source.<\/a><\/p>\n","protected":false},"excerpt":{"rendered":"<p>SM le Roi Mohammed VI, que Dieu l\u2019assiste, a accord\u00e9 Sa gr\u00e2ce \u00e0 Mlle Hajar Raissouni, condamn\u00e9e \u00e0 une peine de prison et qui fait toujours l\u2019objet de poursuites judiciaires, indique un communiqu\u00e9 du Minist\u00e8re de la justice. Cette gr\u00e2ce Royale s\u2019inscrit dans le cadre de la compassion et la cl\u00e9mence reconnues au Souverain et [&hellip;]<\/p>\n","protected":false},"author":1760,"featured_media":0,"comment_status":"closed","ping_status":"closed","sticky":false,"template":"","format":"standard","meta":{"fifu_image_url":"","fifu_image_alt":"","footnotes":""},"categories":[73,54],"tags":[],"class_list":["post-64741","post","type-post","status-publish","format-standard","hentry","category-actualite","category-maroc"],"_links":{"self":[{"href":"https:\/\/linitiative.ca\/International\/wp-json\/wp\/v2\/posts\/64741","targetHints":{"allow":["GET"]}}],"collection":[{"href":"https:\/\/linitiative.ca\/International\/wp-json\/wp\/v2\/posts"}],"about":[{"href":"https:\/\/linitiative.ca\/International\/wp-json\/wp\/v2\/types\/post"}],"author":[{"embeddable":true,"href":"https:\/\/linitiative.ca\/International\/wp-json\/wp\/v2\/users\/1760"}],"replies":[{"embeddable":true,"href":"https:\/\/linitiative.ca\/International\/wp-json\/wp\/v2\/comments?post=64741"}],"version-history":[{"count":0,"href":"https:\/\/linitiative.ca\/International\/wp-json\/wp\/v2\/posts\/64741\/revisions"}],"wp:attachment":[{"href":"https:\/\/linitiative.ca\/International\/wp-json\/wp\/v2\/media?parent=64741"}],"wp:term":[{"taxonomy":"category","embeddable":true,"href":"https:\/\/linitiative.ca\/International\/wp-json\/wp\/v2\/categories?post=64741"},{"taxonomy":"post_tag","embeddable":true,"href":"https:\/\/linitiative.ca\/International\/wp-json\/wp\/v2\/tags?post=64741"}],"curies":[{"name":"wp","href":"https:\/\/api.w.org\/{rel}","templated":true}]}}