{"id":64742,"date":"2019-10-18T10:07:44","date_gmt":"2019-10-18T14:07:44","guid":{"rendered":"https:\/\/linitiative.ca\/International\/nouveau-president-elu-kais-saied-pretera-serment-mercredi-prochain\/"},"modified":"2019-10-18T10:07:44","modified_gmt":"2019-10-18T14:07:44","slug":"nouveau-president-elu-kais-saied-pretera-serment-mercredi-prochain","status":"publish","type":"post","link":"https:\/\/linitiative.ca\/International\/nouveau-president-elu-kais-saied-pretera-serment-mercredi-prochain\/","title":{"rendered":"Nouveau pr\u00e9sident \u00e9lu : Ka\u00efs Sa\u00efed pr\u00eatera serment mercredi prochain"},"content":{"rendered":"<p>Le Parlement tient mercredi 23 octobre 2019 une assembl\u00e9e pl\u00e9ni\u00e8re consacr\u00e9e \u00e0 la prestation de serment du nouveau pr\u00e9sident de la R\u00e9publique, Ka\u00efs Sa\u00efed, a d\u00e9clar\u00e9, vendredi, le d\u00e9put\u00e9 et membre du bureau de l\u2019ARP, Ghazi Chaouachi.<\/p>\n<p class=\"dpsp-share-text\">Partager c&rsquo;est aimer!<\/p>\n<div class=\"wp-post-author-wrap wp-post-author-shortcode left\">\n<h3 class=\"awpa-title\"\/>\n<div class=\"wp-post-author\">\n<div class=\"awpa-img awpa-author-block square\"><a href=\"http:\/\/lexpertjournal.net\/fr\/author\/expert\/\"><img loading=\"lazy\" decoding=\"async\" alt=\"\" src=\"http:\/\/2.gravatar.com\/avatar\/56d99be2a6f97af88ccb49fada637fcd?s=150&#038;d=mm&#038;r=g\" srcset=\"http:\/\/2.gravatar.com\/avatar\/56d99be2a6f97af88ccb49fada637fcd?s=300&#038;d=mm&#038;r=g 2x\" class=\"avatar avatar-150 photo\" height=\"150\" width=\"150\"\/><\/a><\/div>\n<\/div>\n<\/div>\n<p>Auteur: L&rsquo;expert<br \/>\n<a href=\"http:\/\/lexpertjournal.net\/fr\/2019\/10\/18\/nouveau-president-elu-kais-saied-pretera-serment-mercredi-prochain\/\">Cliquez ici pour lire l&rsquo;article depuis sa source.<\/a><\/p>\n","protected":false},"excerpt":{"rendered":"<p>Le Parlement tient mercredi 23 octobre 2019 une assembl\u00e9e pl\u00e9ni\u00e8re consacr\u00e9e \u00e0 la prestation de serment du nouveau pr\u00e9sident de la R\u00e9publique, Ka\u00efs Sa\u00efed, a d\u00e9clar\u00e9, vendredi, le d\u00e9put\u00e9 et membre du bureau de l\u2019ARP, Ghazi Chaouachi. Partager c&rsquo;est aimer! Auteur: L&rsquo;expert Cliquez ici pour lire l&rsquo;article depuis sa source.<\/p>\n","protected":false},"author":1775,"featured_media":0,"comment_status":"closed","ping_status":"closed","sticky":false,"template":"","format":"standard","meta":{"fifu_image_url":"","fifu_image_alt":"","footnotes":""},"categories":[78,55],"tags":[],"class_list":["post-64742","post","type-post","status-publish","format-standard","hentry","category-economie","category-tunisie"],"_links":{"self":[{"href":"https:\/\/linitiative.ca\/International\/wp-json\/wp\/v2\/posts\/64742","targetHints":{"allow":["GET"]}}],"collection":[{"href":"https:\/\/linitiative.ca\/International\/wp-json\/wp\/v2\/posts"}],"about":[{"href":"https:\/\/linitiative.ca\/International\/wp-json\/wp\/v2\/types\/post"}],"author":[{"embeddable":true,"href":"https:\/\/linitiative.ca\/International\/wp-json\/wp\/v2\/users\/1775"}],"replies":[{"embeddable":true,"href":"https:\/\/linitiative.ca\/International\/wp-json\/wp\/v2\/comments?post=64742"}],"version-history":[{"count":0,"href":"https:\/\/linitiative.ca\/International\/wp-json\/wp\/v2\/posts\/64742\/revisions"}],"wp:attachment":[{"href":"https:\/\/linitiative.ca\/International\/wp-json\/wp\/v2\/media?parent=64742"}],"wp:term":[{"taxonomy":"category","embeddable":true,"href":"https:\/\/linitiative.ca\/International\/wp-json\/wp\/v2\/categories?post=64742"},{"taxonomy":"post_tag","embeddable":true,"href":"https:\/\/linitiative.ca\/International\/wp-json\/wp\/v2\/tags?post=64742"}],"curies":[{"name":"wp","href":"https:\/\/api.w.org\/{rel}","templated":true}]}}