{"id":64743,"date":"2019-10-18T10:13:29","date_gmt":"2019-10-18T14:13:29","guid":{"rendered":"https:\/\/linitiative.ca\/International\/cinema-les-jcc-dans-les-prisons-pour-la-5eme-annee-consecutive\/"},"modified":"2019-10-18T10:13:29","modified_gmt":"2019-10-18T14:13:29","slug":"cinema-les-jcc-dans-les-prisons-pour-la-5eme-annee-consecutive","status":"publish","type":"post","link":"https:\/\/linitiative.ca\/International\/cinema-les-jcc-dans-les-prisons-pour-la-5eme-annee-consecutive\/","title":{"rendered":"Cin\u00e9ma : Les JCC dans les prisons pour la 5\u00e8me ann\u00e9e cons\u00e9cutive"},"content":{"rendered":"<p>Les Journ\u00e9es cin\u00e9matographiques de Carthage JCC 2019 session Nejib Ayed- annoncent la tenue pour la 5\u00e8me ann\u00e9e cons\u00e9cutive des \u00bb JCC dans les prisons \u00ab . Cette initiative a \u00e9t\u00e9 lanc\u00e9e en exclusivit\u00e9 par Ibrahim Leta\u00efef en 2015 et elle s\u2019est consolid\u00e9e avec succ\u00e8s lors des trois \u00e9ditions dirig\u00e9es par feu N\u00e9jib Ayed et est d\u00e9sormais un volet incontournable des Journ\u00e9es Cin\u00e9matographiques de Carthage.<\/p>\n<p>Cette ann\u00e9e, six lieux de privation de libert\u00e9 se transformeront en salles de cin\u00e9ma pour accueillir les JCC 2019 \u00bb Session N\u00e9jib Ayed \u00bb : la prison civile de Mornaguia, la prison de Saouef \u00e0 Zaghouan, le centre p\u00e9nitentiaire de Kasserine, la prison de Borj Erroumi \u00e0 Bizerte, la prison de Messa\u00e2dine \u00e0 Sousse, la prison civile de la Manouba, et Le Centre de r\u00e9\u00e9ducation et r\u00e9insertion des mineurs de Sidi El Hani \u00e0 Sousse.<\/p>\n<p>Les projections auront lieu du 27 octobre au 2 novembre en pr\u00e9sence des \u00e9quipes des films programm\u00e9s pour un moment de rencontre et d\u2019\u00e9change avec les d\u00e9tenus et leurs permettront pour la 5\u00e9me ann\u00e9e cons\u00e9cutive de retrouver malgr\u00e9 la privation de libert\u00e9, le droit de tout citoyen tunisien d\u2019acc\u00e9der \u00e0 la culture.<\/p>\n<p>Le programme des projections se d\u00e9roulera selon le calendrier suivant :<\/p>\n<p>JCC 2109 dans les prisons :<\/p>\n<p>\u2013 Dimanche 27 octobre 2019 : \u00ab Les \u00e9pouvantails \u00bb de Nouri Bouzid (Tunisie -2019) feront l\u2019ouverture des JCC dans les prisons 2019 \u00e0 la prison civile de Mornaguia \u00e0 14h00<\/p>\n<p>\u2013 Lundi 28 octobre : projection du film \u00ab Fathallah TV \u00bb (Tunisie -2019) \u00e0 la prison civile de Borj Erroumi Bizerte \u00e0 11h00<\/p>\n<p>\u2013 Mardi 29 octobre : projection de \u00ab Sur la transversale \u00bb de Sami Tlili (Tunisie -2019) \u00e0 la prison civile de Saouef (Zaghouan) \u00e0 13h00<\/p>\n<p>\u2013 Mercredi 30 octobre : projection de \u00ab Good Morning \u00bb de Behij Hojeij (Liban-2018) \u00e0 la prison civile de Kasserine \u00e0 13h30.<\/p>\n<p>\u2013 Jeudi 31 octobre : projection de deux films de la r\u00e9alisatrice libanaise Cynthia Sawma \u00ab Mabrouk \u00ab (Liban, 2015) et \u2018\u2019Habib \u2018\u2019 (Egypte-2019) au Centre de r\u00e9insertion et de r\u00e9\u00e9ducation des mineurs d\u00e9linquants de Sidi El Hani \u00e0 18h00<\/p>\n<p>\u2013 Vendredi 01 novembre 2019 : projection de \u2018\u2019When we are Born\u2019\u2019 de Tamer Ezzat (Egypte-2019) \u00e0 la prison civile de Messadine \u00e0 Sousse \u00e0 13h00<\/p>\n<p>\u2013 Samedi 02 Novembre 2019 : Clap de fin pour les JCC dans les prisons 2019 avec la projection du film \u2018\u2019Fataria\u2019\u2019 de Walid Ettayaa (Tunisie 2019) \u00e0 la prison civile de Manouba \u00e0 partir de 10h00.<\/p>\n<p class=\"dpsp-share-text\">Partager c&rsquo;est aimer!<\/p>\n<div class=\"wp-post-author-wrap wp-post-author-shortcode left\">\n<h3 class=\"awpa-title\"\/>\n<div class=\"wp-post-author\">\n<div class=\"awpa-img awpa-author-block square\"><a href=\"http:\/\/lexpertjournal.net\/fr\/author\/expert\/\"><img loading=\"lazy\" decoding=\"async\" alt=\"\" src=\"http:\/\/2.gravatar.com\/avatar\/56d99be2a6f97af88ccb49fada637fcd?s=150&#038;d=mm&#038;r=g\" srcset=\"http:\/\/2.gravatar.com\/avatar\/56d99be2a6f97af88ccb49fada637fcd?s=300&#038;d=mm&#038;r=g 2x\" class=\"avatar avatar-150 photo\" height=\"150\" width=\"150\"\/><\/a><\/div>\n<\/div>\n<\/div>\n<p>Auteur: L&rsquo;expert<br \/>\n<a href=\"http:\/\/lexpertjournal.net\/fr\/2019\/10\/18\/cinema-les-jcc-dans-les-prisons-pour-la-5eme-annee-consecutive\/\">Cliquez ici pour lire l&rsquo;article depuis sa source.<\/a><\/p>\n","protected":false},"excerpt":{"rendered":"<p>Les Journ\u00e9es cin\u00e9matographiques de Carthage JCC 2019 session Nejib Ayed- annoncent la tenue pour la 5\u00e8me ann\u00e9e cons\u00e9cutive des \u00bb JCC dans les prisons \u00ab . Cette initiative a \u00e9t\u00e9 lanc\u00e9e en exclusivit\u00e9 par Ibrahim Leta\u00efef en 2015 et elle s\u2019est consolid\u00e9e avec succ\u00e8s lors des trois \u00e9ditions dirig\u00e9es par feu N\u00e9jib Ayed et est [&hellip;]<\/p>\n","protected":false},"author":1775,"featured_media":0,"comment_status":"closed","ping_status":"closed","sticky":false,"template":"","format":"standard","meta":{"fifu_image_url":"","fifu_image_alt":"","footnotes":""},"categories":[78,55],"tags":[],"class_list":["post-64743","post","type-post","status-publish","format-standard","hentry","category-economie","category-tunisie"],"_links":{"self":[{"href":"https:\/\/linitiative.ca\/International\/wp-json\/wp\/v2\/posts\/64743","targetHints":{"allow":["GET"]}}],"collection":[{"href":"https:\/\/linitiative.ca\/International\/wp-json\/wp\/v2\/posts"}],"about":[{"href":"https:\/\/linitiative.ca\/International\/wp-json\/wp\/v2\/types\/post"}],"author":[{"embeddable":true,"href":"https:\/\/linitiative.ca\/International\/wp-json\/wp\/v2\/users\/1775"}],"replies":[{"embeddable":true,"href":"https:\/\/linitiative.ca\/International\/wp-json\/wp\/v2\/comments?post=64743"}],"version-history":[{"count":0,"href":"https:\/\/linitiative.ca\/International\/wp-json\/wp\/v2\/posts\/64743\/revisions"}],"wp:attachment":[{"href":"https:\/\/linitiative.ca\/International\/wp-json\/wp\/v2\/media?parent=64743"}],"wp:term":[{"taxonomy":"category","embeddable":true,"href":"https:\/\/linitiative.ca\/International\/wp-json\/wp\/v2\/categories?post=64743"},{"taxonomy":"post_tag","embeddable":true,"href":"https:\/\/linitiative.ca\/International\/wp-json\/wp\/v2\/tags?post=64743"}],"curies":[{"name":"wp","href":"https:\/\/api.w.org\/{rel}","templated":true}]}}