{"id":64744,"date":"2019-10-18T10:16:40","date_gmt":"2019-10-18T14:16:40","guid":{"rendered":"https:\/\/linitiative.ca\/International\/au-large-de-lile-de-kerkennah-deux-cadavres-de-femmes-noyees-repeches\/"},"modified":"2019-10-18T10:16:40","modified_gmt":"2019-10-18T14:16:40","slug":"au-large-de-lile-de-kerkennah-deux-cadavres-de-femmes-noyees-repeches","status":"publish","type":"post","link":"https:\/\/linitiative.ca\/International\/au-large-de-lile-de-kerkennah-deux-cadavres-de-femmes-noyees-repeches\/","title":{"rendered":"Au large de l\u2019\u00eele de Kerkennah : Deux cadavres de femmes noy\u00e9es rep\u00each\u00e9s"},"content":{"rendered":"<p>Une unit\u00e9 de l\u2019arm\u00e9e de la marine a retrouv\u00e9 jeudi soir les corps de deux femmes en d\u00e9composition \u00e0 80 km \u00e0 l\u2019est de l\u2019\u00eele de Kerkennah, rapporte le minist\u00e8re de la d\u00e9fense nationale dans un bref communiqu\u00e9.<\/p>\n<p>\u00ab L\u2019unit\u00e9 navale a ramen\u00e9 les deux corps au port de Sfax pour \u00eatre remis aux autorit\u00e9s concern\u00e9es afin de parachever les proc\u00e9dures l\u00e9gales \u00e0 cet effet \u00bb, ajoute le communiqu\u00e9.<\/p>\n<p class=\"dpsp-share-text\">Partager c&rsquo;est aimer!<\/p>\n<div class=\"wp-post-author-wrap wp-post-author-shortcode left\">\n<h3 class=\"awpa-title\"\/>\n<div class=\"wp-post-author\">\n<div class=\"awpa-img awpa-author-block square\"><a href=\"http:\/\/lexpertjournal.net\/fr\/author\/expert\/\"><img loading=\"lazy\" decoding=\"async\" alt=\"\" src=\"http:\/\/2.gravatar.com\/avatar\/56d99be2a6f97af88ccb49fada637fcd?s=150&#038;d=mm&#038;r=g\" srcset=\"http:\/\/2.gravatar.com\/avatar\/56d99be2a6f97af88ccb49fada637fcd?s=300&#038;d=mm&#038;r=g 2x\" class=\"avatar avatar-150 photo\" height=\"150\" width=\"150\"\/><\/a><\/div>\n<\/div>\n<\/div>\n<p>Auteur: L&rsquo;expert<br \/>\n<a href=\"http:\/\/lexpertjournal.net\/fr\/2019\/10\/18\/au-large-de-lile-de-kerkennah-deux-cadavres-de-femmes-noyees-repeches\/\">Cliquez ici pour lire l&rsquo;article depuis sa source.<\/a><\/p>\n","protected":false},"excerpt":{"rendered":"<p>Une unit\u00e9 de l\u2019arm\u00e9e de la marine a retrouv\u00e9 jeudi soir les corps de deux femmes en d\u00e9composition \u00e0 80 km \u00e0 l\u2019est de l\u2019\u00eele de Kerkennah, rapporte le minist\u00e8re de la d\u00e9fense nationale dans un bref communiqu\u00e9. \u00ab L\u2019unit\u00e9 navale a ramen\u00e9 les deux corps au port de Sfax pour \u00eatre remis aux autorit\u00e9s [&hellip;]<\/p>\n","protected":false},"author":1775,"featured_media":0,"comment_status":"closed","ping_status":"closed","sticky":false,"template":"","format":"standard","meta":{"fifu_image_url":"","fifu_image_alt":"","footnotes":""},"categories":[78,55],"tags":[],"class_list":["post-64744","post","type-post","status-publish","format-standard","hentry","category-economie","category-tunisie"],"_links":{"self":[{"href":"https:\/\/linitiative.ca\/International\/wp-json\/wp\/v2\/posts\/64744","targetHints":{"allow":["GET"]}}],"collection":[{"href":"https:\/\/linitiative.ca\/International\/wp-json\/wp\/v2\/posts"}],"about":[{"href":"https:\/\/linitiative.ca\/International\/wp-json\/wp\/v2\/types\/post"}],"author":[{"embeddable":true,"href":"https:\/\/linitiative.ca\/International\/wp-json\/wp\/v2\/users\/1775"}],"replies":[{"embeddable":true,"href":"https:\/\/linitiative.ca\/International\/wp-json\/wp\/v2\/comments?post=64744"}],"version-history":[{"count":0,"href":"https:\/\/linitiative.ca\/International\/wp-json\/wp\/v2\/posts\/64744\/revisions"}],"wp:attachment":[{"href":"https:\/\/linitiative.ca\/International\/wp-json\/wp\/v2\/media?parent=64744"}],"wp:term":[{"taxonomy":"category","embeddable":true,"href":"https:\/\/linitiative.ca\/International\/wp-json\/wp\/v2\/categories?post=64744"},{"taxonomy":"post_tag","embeddable":true,"href":"https:\/\/linitiative.ca\/International\/wp-json\/wp\/v2\/tags?post=64744"}],"curies":[{"name":"wp","href":"https:\/\/api.w.org\/{rel}","templated":true}]}}