{"id":64745,"date":"2019-10-18T10:19:05","date_gmt":"2019-10-18T14:19:05","guid":{"rendered":"https:\/\/linitiative.ca\/International\/a-nabeul-et-a-sousse-mise-en-echec-de-deux-tentatives-demigration-clandestine\/"},"modified":"2019-10-18T10:19:05","modified_gmt":"2019-10-18T14:19:05","slug":"a-nabeul-et-a-sousse-mise-en-echec-de-deux-tentatives-demigration-clandestine","status":"publish","type":"post","link":"https:\/\/linitiative.ca\/International\/a-nabeul-et-a-sousse-mise-en-echec-de-deux-tentatives-demigration-clandestine\/","title":{"rendered":"A Nabeul et \u00e0 Sousse :  Mise en \u00e9chec de deux tentatives d\u2019\u00e9migration clandestine"},"content":{"rendered":"<p>Les garde-c\u00f4tes \u00e0 Nabeul ont mis en \u00e9chec, mercredi, une \u200etentative d\u2019\u00e9migration irr\u00e9guli\u00e8re, \u00e0 partir des c\u00f4tes de K\u00e9libia (gouvernorat de Nabeul), en direction d\u2019Italie.\u200e<\/p>\n<p>Six individus ont \u00e9t\u00e9 appr\u00e9hend\u00e9s \u00e0 \u200ebord d\u2019une embarcation de fortune, indique le minist\u00e8re de \u200el\u2019Int\u00e9rieur dans un communiqu\u00e9.<\/p>\n<p>\u200eConsult\u00e9 \u00e0 ce sujet, le minist\u00e8re public a ordonn\u00e9 de placer ces individus en garde \u00e0 vue de prendre les mesures juridiques n\u00e9cessaires \u00e0 leur encontre.<\/p>\n<p>Les garde-c\u00f4tes \u00e0 Sousse ont r\u00e9ussi, pour leur part, jeudi, \u00e0 mettre en \u00e9chec une tentative d\u2019immigration clandestine pr\u00e8s des c\u00f4tes de Chatt Mariam.<\/p>\n<p>Sept individus ont \u00e9t\u00e9 interpel\u00e9s dans cette op\u00e9ration. Ils \u00e9taient \u00e0 bord d\u2019une petite embarcation et se pr\u00e9paraient pour franchir illicitement les fronti\u00e8res en direction des c\u00f4tes italiennes.<\/p>\n<p>Ils ont \u00e9t\u00e9 plac\u00e9s en garde \u00e0 vue avant d\u2019\u00eatre traduits en justice, a indiqu\u00e9 une source s\u00e9curitaire.<\/p>\n<p class=\"dpsp-share-text\">Partager c&rsquo;est aimer!<\/p>\n<div class=\"wp-post-author-wrap wp-post-author-shortcode left\">\n<h3 class=\"awpa-title\"\/>\n<div class=\"wp-post-author\">\n<div class=\"awpa-img awpa-author-block square\"><a href=\"http:\/\/lexpertjournal.net\/fr\/author\/expert\/\"><img loading=\"lazy\" decoding=\"async\" alt=\"\" src=\"http:\/\/2.gravatar.com\/avatar\/56d99be2a6f97af88ccb49fada637fcd?s=150&#038;d=mm&#038;r=g\" srcset=\"http:\/\/2.gravatar.com\/avatar\/56d99be2a6f97af88ccb49fada637fcd?s=300&#038;d=mm&#038;r=g 2x\" class=\"avatar avatar-150 photo\" height=\"150\" width=\"150\"\/><\/a><\/div>\n<\/div>\n<\/div>\n<p>Auteur: L&rsquo;expert<br \/>\n<a href=\"http:\/\/lexpertjournal.net\/fr\/2019\/10\/18\/a-nabeul-et-a-sousse-mise-en-echec-de-deux-tentatives-demigration-clandestine\/\">Cliquez ici pour lire l&rsquo;article depuis sa source.<\/a><\/p>\n","protected":false},"excerpt":{"rendered":"<p>Les garde-c\u00f4tes \u00e0 Nabeul ont mis en \u00e9chec, mercredi, une \u200etentative d\u2019\u00e9migration irr\u00e9guli\u00e8re, \u00e0 partir des c\u00f4tes de K\u00e9libia (gouvernorat de Nabeul), en direction d\u2019Italie.\u200e Six individus ont \u00e9t\u00e9 appr\u00e9hend\u00e9s \u00e0 \u200ebord d\u2019une embarcation de fortune, indique le minist\u00e8re de \u200el\u2019Int\u00e9rieur dans un communiqu\u00e9. \u200eConsult\u00e9 \u00e0 ce sujet, le minist\u00e8re public a ordonn\u00e9 de placer [&hellip;]<\/p>\n","protected":false},"author":1775,"featured_media":0,"comment_status":"closed","ping_status":"closed","sticky":false,"template":"","format":"standard","meta":{"fifu_image_url":"","fifu_image_alt":"","footnotes":""},"categories":[78,55],"tags":[],"class_list":["post-64745","post","type-post","status-publish","format-standard","hentry","category-economie","category-tunisie"],"_links":{"self":[{"href":"https:\/\/linitiative.ca\/International\/wp-json\/wp\/v2\/posts\/64745","targetHints":{"allow":["GET"]}}],"collection":[{"href":"https:\/\/linitiative.ca\/International\/wp-json\/wp\/v2\/posts"}],"about":[{"href":"https:\/\/linitiative.ca\/International\/wp-json\/wp\/v2\/types\/post"}],"author":[{"embeddable":true,"href":"https:\/\/linitiative.ca\/International\/wp-json\/wp\/v2\/users\/1775"}],"replies":[{"embeddable":true,"href":"https:\/\/linitiative.ca\/International\/wp-json\/wp\/v2\/comments?post=64745"}],"version-history":[{"count":0,"href":"https:\/\/linitiative.ca\/International\/wp-json\/wp\/v2\/posts\/64745\/revisions"}],"wp:attachment":[{"href":"https:\/\/linitiative.ca\/International\/wp-json\/wp\/v2\/media?parent=64745"}],"wp:term":[{"taxonomy":"category","embeddable":true,"href":"https:\/\/linitiative.ca\/International\/wp-json\/wp\/v2\/categories?post=64745"},{"taxonomy":"post_tag","embeddable":true,"href":"https:\/\/linitiative.ca\/International\/wp-json\/wp\/v2\/tags?post=64745"}],"curies":[{"name":"wp","href":"https:\/\/api.w.org\/{rel}","templated":true}]}}