{"id":64755,"date":"2019-10-17T19:07:06","date_gmt":"2019-10-17T23:07:06","guid":{"rendered":"https:\/\/linitiative.ca\/International\/inauguration-de-maroc-in-mode-maroc-sourcing\/"},"modified":"2019-10-17T19:07:06","modified_gmt":"2019-10-17T23:07:06","slug":"inauguration-de-maroc-in-mode-maroc-sourcing","status":"publish","type":"post","link":"https:\/\/linitiative.ca\/International\/inauguration-de-maroc-in-mode-maroc-sourcing\/","title":{"rendered":"Inauguration de \u00ab\u00a0Maroc in mode &amp; Maroc sourcing\u00a0\u00bb"},"content":{"rendered":"<div readability=\"40\">\n<p>Marrakech \u2013 Les deux salons de l\u2019habillement et du textile \u00ab\u00a0Maroc in mode\u00a0\u00bb et \u00ab\u00a0Maroc sourcing\u00a0\u00bb ont \u00e9t\u00e9 inaugur\u00e9s jeudi, au Park Expo du Circuit Moulay El Hassan \u00e0 Marrakech, en pr\u00e9sence du ministre de l\u2019Industrie, du Commerce, de l\u2019\u00c9conomie verte et num\u00e9rique, M. Moulay Hafid Elalamy.<\/p>\n<\/div>\n<div readability=\"97\">\n<p>Organis\u00e9s durant deux jours \u00e0 l\u2019initiative de l\u2019Association marocaine des industries du textile et de l\u2019Habillement (AMITH), les deux salons \u00ab\u00a0Maroc in mode &#038; Maroc Sourcing\u00a0\u00bb, ambitionnent d\u2019\u00eatre une plateforme de networking entre Industriels marocains op\u00e9rant dans les diff\u00e9rents maillons de la cha\u00eene de valeur textile en leur offrant un espace d\u2019\u00e9change et de rencontres.<\/p>\n<p>Am\u00e9nag\u00e9s sous un chapiteau de 4.000 m2, les deux salons sont d\u00e9clin\u00e9s en 5 \u00e9cosyst\u00e8mes, \u00e0 savoir le Fast Fashion, le Denim, la Maille, le Tailoring et les enseignes de distribution de marques marocaines.<\/p>\n<p>Outre le Maroc, cinq autres pays participeront \u00e0 ces deux manifestations \u00e0 savoir la France, pays d\u2019honneur, la Turquie, le Portugal, la Chine et le Pakistan, qui vont pr\u00e9senter leurs produits en la pr\u00e9sence d\u2019enseignes de renomm\u00e9e.<\/p>\n<p>Lors de ces salons, un accent particulier sera mis sur les march\u00e9s d\u2019Europe du Nord, d\u2019Allemagne, des pays scandinaves et des Pays-Bas.<\/p>\n<p>Au programme de cet \u00e9v\u00e9nement figurent, \u00e9galement, l\u2019organisation de plusieurs conf\u00e9rences et tables-rondes pour \u00e9changer et partager entre op\u00e9rateurs nationaux et internationaux sur les diff\u00e9rents sujets d\u2019actualit\u00e9, la situation et les \u00e9volutions des march\u00e9s, et sur la th\u00e9matique de responsabilit\u00e9 sociale et environnementale.<\/p>\n<p>Selon les organisateurs, ces deux salons sont d\u00e9clin\u00e9s en \u00e9cosyst\u00e8mes pour mettre en exergue la nouvelle r\u00e9organisation du secteur, ses choix strat\u00e9giques, ses savoir-faire historiques, ainsi que ses nouvelles fen\u00eatres d\u2019opportunit\u00e9s.<\/p>\n<p>La 17\u00e8 \u00e9dition de \u00ab\u00a0Maroc in mode\u00a0\u00bb, d\u00e9di\u00e9e \u00e0 l\u2019offre habillement marocaine, est une plateforme de r\u00e9f\u00e9rence visant \u00e0 pr\u00e9senter le savoir-faire et toute l\u2019\u00e9tendue de l\u2019offre de la fili\u00e8re habillement marocaine dans ses diff\u00e9rentes vari\u00e9t\u00e9s et diversit\u00e9s, ainsi que la cr\u00e9ativit\u00e9 et la capacit\u00e9 \u00e0 pr\u00e9senter des collections et des services de proximit\u00e9 d\u2019\u00e9thique, de savoir-faire et de comp\u00e9tences.<\/p>\n<p>La 16\u00e8 \u00e9dition de \u00ab\u00a0Maroc Sourcing\u00a0\u00bb est un salon d\u00e9di\u00e9 au Sourcing national et international. Son offre concerne toutes les activit\u00e9s qui contribuent \u00e0 la r\u00e9alisation d\u2019un v\u00eatement, de la mati\u00e8re premi\u00e8re en passant par le fil, les tissus, les accessoires, les fournitures et les services.<\/p>\n<\/div>\n<p>Auteur: Meriem IGASS<br \/>\n<a href=\"http:\/\/www.mapmarrakech.ma\/fr\/textile\/\">Cliquez ici pour lire l&rsquo;article depuis sa source.<\/a><\/p>\n","protected":false},"excerpt":{"rendered":"<p>Marrakech \u2013 Les deux salons de l\u2019habillement et du textile \u00ab\u00a0Maroc in mode\u00a0\u00bb et \u00ab\u00a0Maroc sourcing\u00a0\u00bb ont \u00e9t\u00e9 inaugur\u00e9s jeudi, au Park Expo du Circuit Moulay El Hassan \u00e0 Marrakech, en pr\u00e9sence du ministre de l\u2019Industrie, du Commerce, de l\u2019\u00c9conomie verte et num\u00e9rique, M. Moulay Hafid Elalamy. Organis\u00e9s durant deux jours \u00e0 l\u2019initiative de l\u2019Association [&hellip;]<\/p>\n","protected":false},"author":1788,"featured_media":0,"comment_status":"closed","ping_status":"closed","sticky":false,"template":"","format":"standard","meta":{"fifu_image_url":"","fifu_image_alt":"","footnotes":""},"categories":[54,76],"tags":[],"class_list":["post-64755","post","type-post","status-publish","format-standard","hentry","category-maroc","category-regions"],"_links":{"self":[{"href":"https:\/\/linitiative.ca\/International\/wp-json\/wp\/v2\/posts\/64755","targetHints":{"allow":["GET"]}}],"collection":[{"href":"https:\/\/linitiative.ca\/International\/wp-json\/wp\/v2\/posts"}],"about":[{"href":"https:\/\/linitiative.ca\/International\/wp-json\/wp\/v2\/types\/post"}],"author":[{"embeddable":true,"href":"https:\/\/linitiative.ca\/International\/wp-json\/wp\/v2\/users\/1788"}],"replies":[{"embeddable":true,"href":"https:\/\/linitiative.ca\/International\/wp-json\/wp\/v2\/comments?post=64755"}],"version-history":[{"count":0,"href":"https:\/\/linitiative.ca\/International\/wp-json\/wp\/v2\/posts\/64755\/revisions"}],"wp:attachment":[{"href":"https:\/\/linitiative.ca\/International\/wp-json\/wp\/v2\/media?parent=64755"}],"wp:term":[{"taxonomy":"category","embeddable":true,"href":"https:\/\/linitiative.ca\/International\/wp-json\/wp\/v2\/categories?post=64755"},{"taxonomy":"post_tag","embeddable":true,"href":"https:\/\/linitiative.ca\/International\/wp-json\/wp\/v2\/tags?post=64755"}],"curies":[{"name":"wp","href":"https:\/\/api.w.org\/{rel}","templated":true}]}}