{"id":64756,"date":"2019-10-17T19:30:32","date_gmt":"2019-10-17T23:30:32","guid":{"rendered":"https:\/\/linitiative.ca\/International\/le-secteur-du-textile-est-monte-en-qualite-au-maroc\/"},"modified":"2019-10-17T19:30:32","modified_gmt":"2019-10-17T23:30:32","slug":"le-secteur-du-textile-est-monte-en-qualite-au-maroc","status":"publish","type":"post","link":"https:\/\/linitiative.ca\/International\/le-secteur-du-textile-est-monte-en-qualite-au-maroc\/","title":{"rendered":"Le secteur du textile est mont\u00e9 en qualit\u00e9 au Maroc"},"content":{"rendered":"<div readability=\"40\">\n<p>Marrakech \u2013 Le secteur du textile-habillement est mont\u00e9 en qualit\u00e9 et en comp\u00e9tences au Maroc ces derni\u00e8res ann\u00e9es, a soulign\u00e9 jeudi, \u00e0 Marrakech, le ministre de l\u2019Industrie, du Commerce, de l\u2019\u00c9conomie verte et num\u00e9rique, Moulay Hafid Elalamy.<\/p>\n<\/div>\n<div readability=\"140\">\n<p>\u00ab\u00a0Ce secteur est dot\u00e9 d\u2019op\u00e9rateurs aguerris qui ont une grande expertise et exp\u00e9rience, mais, aussi des professionnels motiv\u00e9s \u00e0 d\u00e9velopper leur secteur qu\u2019ils ont pris \u00e0 bras-le-corps, a relev\u00e9 M. Elalamy dans une d\u00e9claration \u00e0 la presse \u00e0 l\u2019occasion de l\u2019inauguration officielle des deux salons du Textile-Habillement \u00ab\u00a0Maroc in mode\u00a0\u00bb et \u00ab\u00a0Maroc sourcing\u00a0\u00bb.<\/p>\n<p>Le Maroc a d\u00e9velopp\u00e9 un secteur du textile de haut niveau avec des int\u00e9grations de bout en bout partant de la filature jusqu\u2019au produit fini et des produits qui ont augment\u00e9 fortement en qualit\u00e9, a-t-il indiqu\u00e9.<\/p>\n<p>\u00ab\u00a0Aujourd\u2019hui nous avons un nouveau bureau de l\u2019Association marocaine des industries du textile et de l\u2019Habillement (AMITH) qui a compl\u00e8tement chang\u00e9 la donne avec des partenaires jeunes qui ont une ambition exceptionnelle de faire du Maroc un v\u00e9ritable porte-drapeau des savoir-faire de nos ressources humaines\u00a0\u00bb, a-t-il ajout\u00e9.<\/p>\n<p>Le ministre s\u2019est, \u00e9galement, f\u00e9licit\u00e9 des efforts des cadres et des professionnels du secteur ont donn\u00e9 des r\u00e9sultats tr\u00e8s satisfaisants,\u00a0 relevant que le minist\u00e8re, conform\u00e9ment aux Orientations de SM le Roi Mohammed VI, a \u0153uvr\u00e9 \u00e0 accompagner l\u2019ensemble du secteur du Textile-Habillement.<\/p>\n<p>\u00ab\u00a0Le dernier discours Royal prononc\u00e9 par SM le Roi Mohammed VI devant les membres des deux Chambres du Parlement, donne une nouvelle impulsion au secteur\u00a0\u00bb, a-t-il soulign\u00e9, notant que l\u2019appel Royal lanc\u00e9 \u00e0 l\u2019adresse du secteur bancaire, en vue d\u2019accompagner l\u2019ensemble des secteurs \u00e9conomiques, donnera un nouveau d\u00e9collage \u00e0 ce secteur.<\/p>\n<p>Le secteur du Textile-Habillement est l\u2019un des piliers de l\u2019industrie et de l\u2019\u00e9conomie marocaine avec 185.000 emplois (1er employeur industriel) et un chiffre d\u2019affaires \u00e0 l\u2019export de 38 milliards DH en 2018 (2\u00e8me exportateur industriel apr\u00e8s l\u2019industrie automobile).<\/p>\n<p>La strat\u00e9gie d\u00e9di\u00e9e \u00e0 ce secteur a pour objectifs \u00e0 l\u2019horizon 2020 la cr\u00e9ation de 100.000 emplois stables et la r\u00e9alisation d\u2019un chiffre d\u2019affaires additionnel \u00e0 l\u2019export de 5 milliards DH.<\/p>\n<p>Les r\u00e9sultats obtenus sont le fruit d\u2019une r\u00e9elle dynamique enclench\u00e9e depuis la signature des \u00e9cosyst\u00e8mes textiles en 2015 : 154 conventions d\u2019investissement sign\u00e9es (locomotives, PME) avec un investissement global de 4,9 milliards DHS et la cr\u00e9ation de 79.300 emplois.<\/p>\n<p>Le salon \u00ab\u00a0Maroc in Mode\u00a0\u00bb et \u00ab\u00a0Maroc Sourcing\u00a0\u00bb, d\u00e9di\u00e9s \u00e0 l\u2019offre de l\u2019industrie marocaine de l\u2019habillement et au sourcing national et internationale, est une plateforme de r\u00e9f\u00e9rence visant \u00e0 pr\u00e9senter le savoir-faire et toute l\u2019\u00e9tendue de l\u2019offre de la fili\u00e8re habillement marocaine dans ses diff\u00e9rentes vari\u00e9t\u00e9s et diversit\u00e9s, ainsi que la cr\u00e9ativit\u00e9 et la capacit\u00e9 \u00e0 pr\u00e9senter des collections et des services de proximit\u00e9, d\u2019\u00e9thique, de savoir-faire et de comp\u00e9tences.<\/p>\n<p>L\u2019offre du salon concerne, \u00e9galement, toutes les activit\u00e9s qui contribuent \u00e0 la r\u00e9alisation d\u2019un v\u00eatement, de la mati\u00e8re premi\u00e8re en passant par le fil, les tissus, les accessoires, les fournitures et les services.<\/p>\n<p>Cette ann\u00e9e le concept du salon mettra l\u2019accent sur les Ecosyst\u00e8mes Mode Fast et Eco-Responsables, et ce pour pr\u00e9senter toutes les r\u00e9ponses pour le sourcing en Fast-Fashion en mode d\u00e9veloppement durable.<\/p>\n<p>Il ciblera, principalement, les acheteurs des enseignes et marques internationales, notamment d\u2019Allemagne, de Grande Bretagne, de France, d\u2019Italie, d\u2019Espagne et de Portugal.<\/p>\n<p>Organis\u00e9s durant deux jours \u00e0 l\u2019initiative de l\u2019AMITH, ces deux salons conna\u00eetront la participation de 136 exposants avec une pr\u00e9sence d\u2019acteurs de l\u2019amont textile de Turquie, de Chine et du Pakistan.<\/p>\n<p>Les repr\u00e9sentants de grandes enseignes internationales y sont \u00e9galement pr\u00e9sents : Fathers And Sons, Passion Coton, Dellalui, Newman, Delahaye, Vertbaudet, Breal, Paris Yorker, Tape A L\u2019\u0153il, Damart, Maison 3 2 1 Paris, La Redoute, Naf Naf entre autres.<\/p>\n<\/div>\n<p>Auteur: Meriem IGASS<br \/>\n<a href=\"http:\/\/www.mapmarrakech.ma\/fr\/textile-2\/\">Cliquez ici pour lire l&rsquo;article depuis sa source.<\/a><\/p>\n","protected":false},"excerpt":{"rendered":"<p>Marrakech \u2013 Le secteur du textile-habillement est mont\u00e9 en qualit\u00e9 et en comp\u00e9tences au Maroc ces derni\u00e8res ann\u00e9es, a soulign\u00e9 jeudi, \u00e0 Marrakech, le ministre de l\u2019Industrie, du Commerce, de l\u2019\u00c9conomie verte et num\u00e9rique, Moulay Hafid Elalamy. \u00ab\u00a0Ce secteur est dot\u00e9 d\u2019op\u00e9rateurs aguerris qui ont une grande expertise et exp\u00e9rience, mais, aussi des professionnels motiv\u00e9s [&hellip;]<\/p>\n","protected":false},"author":1788,"featured_media":0,"comment_status":"closed","ping_status":"closed","sticky":false,"template":"","format":"standard","meta":{"fifu_image_url":"","fifu_image_alt":"","footnotes":""},"categories":[54,76],"tags":[],"class_list":["post-64756","post","type-post","status-publish","format-standard","hentry","category-maroc","category-regions"],"_links":{"self":[{"href":"https:\/\/linitiative.ca\/International\/wp-json\/wp\/v2\/posts\/64756","targetHints":{"allow":["GET"]}}],"collection":[{"href":"https:\/\/linitiative.ca\/International\/wp-json\/wp\/v2\/posts"}],"about":[{"href":"https:\/\/linitiative.ca\/International\/wp-json\/wp\/v2\/types\/post"}],"author":[{"embeddable":true,"href":"https:\/\/linitiative.ca\/International\/wp-json\/wp\/v2\/users\/1788"}],"replies":[{"embeddable":true,"href":"https:\/\/linitiative.ca\/International\/wp-json\/wp\/v2\/comments?post=64756"}],"version-history":[{"count":0,"href":"https:\/\/linitiative.ca\/International\/wp-json\/wp\/v2\/posts\/64756\/revisions"}],"wp:attachment":[{"href":"https:\/\/linitiative.ca\/International\/wp-json\/wp\/v2\/media?parent=64756"}],"wp:term":[{"taxonomy":"category","embeddable":true,"href":"https:\/\/linitiative.ca\/International\/wp-json\/wp\/v2\/categories?post=64756"},{"taxonomy":"post_tag","embeddable":true,"href":"https:\/\/linitiative.ca\/International\/wp-json\/wp\/v2\/tags?post=64756"}],"curies":[{"name":"wp","href":"https:\/\/api.w.org\/{rel}","templated":true}]}}