{"id":64757,"date":"2019-10-18T08:35:41","date_gmt":"2019-10-18T12:35:41","guid":{"rendered":"https:\/\/linitiative.ca\/International\/odd-role-important-des-infrastructures-intelligentes\/"},"modified":"2019-10-18T08:35:41","modified_gmt":"2019-10-18T12:35:41","slug":"odd-role-important-des-infrastructures-intelligentes","status":"publish","type":"post","link":"https:\/\/linitiative.ca\/International\/odd-role-important-des-infrastructures-intelligentes\/","title":{"rendered":"ODD: R\u00f4le important des infrastructures intelligentes"},"content":{"rendered":"<p>Plac\u00e9e sous le Haut Patronage de SM le Roi Mohammed VI, cette 19\u00e8 Conf\u00e9rence annuelle est initi\u00e9e par l\u2019OADA en coop\u00e9ration avec le minist\u00e8re de l\u2019Economie, des Finances et de la R\u00e9forme de l\u2019Administration, sous le th\u00e8me \u00ab\u00a0les pr\u00e9requis de l\u2019instauration des infrastructures intelligentes dans les pays arabes pour la r\u00e9alisation des Objectifs de D\u00e9veloppement durable (ODD) \u00e0 l\u2019horizon 2030\u00a0\u00bb.<\/p>\n<p>Intervenant \u00e0 l\u2019ouverture des travaux de ce grand conclave, le ministre de l\u2019Economie, des Finances et de la R\u00e9forme de l\u2019Administration, Mohamed Bencha\u00e2boun, a affirm\u00e9 que conscient du r\u00f4le du progr\u00e8s technologique et informatique et de l\u2019importance de l\u2019intelligence num\u00e9rique dans la r\u00e9alisation du d\u00e9veloppement durable, le renforcement et la mise \u00e0 niveau des infrastructures de base, le Maroc en a fait une orientation structurelle plac\u00e9e au coeur de toutes les r\u00e9formes politiques, institutionnelles, juridiques, sociales, \u00e9conomiques et environnementales.<\/p>\n<p>Le Royaume s\u2019est engag\u00e9, dans ce sens, dans une dynamique visant la cr\u00e9ation des \u00ab\u00a0villes intelligentes\u00a0\u00bb, a-t-il relev\u00e9, expliquant que ce sont des villes durables, innovantes et comp\u00e9titives, capables de r\u00e9aliser les aspirations des citoyens et du monde des affaires et de r\u00e9pondre aux exigences de planification urbaine.<\/p>\n<p>Et le ministre de poursuivre que parmi les projets qui s\u2019inscrivent dans ce cadre, il y a lieu de citer le projet \u00ab\u00a0e-Madina\u00a0\u00bb visant \u00e0 doter la ville de Casablanca de l\u2019une des plateformes interactives intelligentes qui offre une panoplie de services administratifs ayant trait aux affaires et \u00e0 l\u2019investissement, ainsi que le projet \u00ab\u00a0Cit\u00e9 Mohammed VI Tanger-Tech\u00a0\u00bb qui vise \u00e0 int\u00e9grer, de mani\u00e8re harmonieuse, les zones industrielles, commerciales et r\u00e9sidentielles, les services publics et de loisirs, tout en la dotant des technologies de pointe adapt\u00e9es aux exigences de la vie moderne.<\/p>\n<p>Dans le m\u00eame contexte, a-t-il pr\u00e9cis\u00e9, le plan d\u2019action national en mati\u00e8re de gouvernement ouvert pour la p\u00e9riode 2018-2020, adopt\u00e9 suite \u00e0 l\u2019adh\u00e9sion du Royaume \u00e0 l\u2019initiative du Partenariat pour un gouvernement ouvert (Open Government Partnership-OGP) comprend plusieurs engagements se rapportant au droit d\u2019acc\u00e8s \u00e0 l\u2019information, \u00e0 la transparence budg\u00e9taire, \u00e0 la participation citoyenne, \u00e0 l\u2019int\u00e9grit\u00e9 et \u00e0 la lutte contre la corruption, \u00e0 la communication et \u00e0 la sensibilisation en la mati\u00e8re.<\/p>\n<p>Le Royaume a aussi lanc\u00e9 la strat\u00e9gie \u00ab\u00a0Maroc Digital 2020\u00a0\u00bb qui vise \u00e0 positionner le pays en tant que hub r\u00e9gional dans le domaine des technologies de l\u2019information et de la communication, \u00e0 am\u00e9liorer la productivit\u00e9 des Petites et Moyennes Entreprises (PME) et \u00e0 renforcer l\u2019industrie des technologies de l\u2019information, a encha\u00een\u00e9 M. Bencha\u00e2boun.<\/p>\n<p>Et de noter qu\u2019il a \u00e9t\u00e9 proc\u00e9d\u00e9, en outre, \u00e0 l\u2019adoption de \u00ab\u00a0la transformation digitale\u00a0\u00bb en tant que pr\u00e9lude essentiel pour la r\u00e9forme de l\u2019administration, en vue de la cons\u00e9cration de la culture num\u00e9rique \u00e0 tous les niveaux, surtout au niveau des services administratifs, faisant savoir qu\u2019un projet de loi relatif \u00e0 l\u2019administration num\u00e9rique a \u00e9t\u00e9 \u00e9labor\u00e9 avec pour objectif la r\u00e9glementation des transactions num\u00e9riques entre les administrations et avec les usagers.<\/p>\n<p>Relevant que la technologie num\u00e9rique offre d\u2019\u00e9normes potentialit\u00e9s qui doivent \u00eatre exploit\u00e9es en vue de tirer vers le haut le rendement du service public pour \u00eatre \u00e0 la hauteur des aspirations et attentes du citoyen arabe, le ministre a pr\u00e9cis\u00e9 que tous sont appel\u00e9s \u00e0 r\u00e9unir les conditions n\u00e9cessaires pour mieux exploiter ces possibilit\u00e9s offertes, \u00e0 travers notamment l\u2019engagement et la volont\u00e9, la f\u00e9d\u00e9ration des efforts, la convergence et la compl\u00e9mentarit\u00e9, tout en se dotant des comp\u00e9tences n\u00e9cessaires, en renfor\u00e7ant les capacit\u00e9s individuelles et collectives, et en d\u00e9veloppant des mod\u00e8les innovants pour le financement des initiatives ambitieuses dans le domaine de la transformation intelligente et ce, dans le cadre de l\u2019ouverture sur les exp\u00e9riences pionni\u00e8res dans ce domaine.<\/p>\n<p>Rappelant que les pays arabes, comme le reste des Etats du monde, se sont engag\u00e9s \u00e0 mettre en \u0153uvre l\u2019Agenda des ODD, approuv\u00e9 lors du Sommet des Nations Unies sur le d\u00e9veloppement durable en 2015 \u00e0 New York, pour l\u2019adoption du Plan de d\u00e9veloppement durable \u00e0 l\u2019horizon 2030, M. Bencha\u00e2boun a soutenu que le Maroc s\u2019est engag\u00e9 dans cette voie sous la conduite clairvoyante de SM le Roi Mohammed VI, en \u00e9rigeant le d\u00e9veloppement durable en tant que projet soci\u00e9tal, \u00e0 travers le renforcement de son mod\u00e8le de d\u00e9veloppement qui prend en compte trois piliers, \u00e0 savoir la croissance \u00e9conomique, l\u2019int\u00e9gration sociale et la protection de l\u2019environnement.<\/p>\n<p>De son c\u00f4t\u00e9, le Directeur g\u00e9n\u00e9ral de l\u2019OADA, Nasser Alhatlan Al-Qahtani, a indiqu\u00e9 que cette 19\u00e8me Conf\u00e9rence, qui se d\u00e9roule \u00e0 Marrakech, apr\u00e8s la pr\u00e9c\u00e9dente \u00e9dition tenue \u00e0 Mascate (Sultanat d\u2019Oman) vise \u00e0 se doter d\u2019une plateforme arabe qui offrira la possibilit\u00e9 de la mise sur pied d\u2019une vision claire relative aux exigences et m\u00e9canismes d\u2019utilisation et d\u2019instauration d\u2019une infrastructure intelligente appropri\u00e9e et des moyens de sa mise en oeuvre et de son int\u00e9gration dans l\u2019environnement socio-\u00e9conomique des pays arabes.<\/p>\n<p>Ces infrastructures intelligentes constituent, \u00e0 cet \u00e9gard, une base solide et efficiente pour la r\u00e9alisation des ODD \u00e0 l\u2019horizon 2030, avec tout ce que cela exige en termes de comp\u00e9tences institutionnelles, de lois et de l\u00e9gislations et de ressources humaines qualifi\u00e9es pour mieux interagir avec ces infrastructures, a-t-il dit.<\/p>\n<div readability=\"126\">\n<p>Le DG de l\u2019OADA, qui a mis en avant le r\u00f4le que joue actuellement la technologie informatique qui a recompos\u00e9 le monde et transform\u00e9 les rapports \u00e9tablis entre les individus et les diff\u00e9rentes composantes des soci\u00e9t\u00e9s, a fait constater que les pays de la plan\u00e8te, dont ceux arabes, font face \u00e0 une nouvelle r\u00e9volution et \u00e0 une nouvelle r\u00e9alit\u00e9 marqu\u00e9e par le \u00ab\u00a0tsunami\u00a0\u00bb de la culture num\u00e9rique, ce qui a impact\u00e9, a-t-il estim\u00e9, le r\u00f4le de l\u2019administration publique et les attentes des citoyens du service public.<\/p>\n<p>Dans cette conjoncture caract\u00e9ris\u00e9e par le d\u00e9veloppement effr\u00e9n\u00e9 de l\u2019\u00e9conomie du savoir, il est devenu primordial d\u2019\u00e9tablir une nouvelle relation de coop\u00e9ration avec les citoyens et les b\u00e9n\u00e9ficiaires du service public, a-t-il expliqu\u00e9, ajoutant que cette nouvelle relation, bas\u00e9e sur le num\u00e9rique, permettra indubitablement aux gouvernements de devenir des plates-formes solides, \u00e0 m\u00eame de contribuer efficacement, sur le plan digital, \u00e0 l\u2019am\u00e9lioration de la qualit\u00e9 des politiques et des prestations publiques et d\u2019\u00eatre ainsi \u00e0 la hauteur des aspirations et attentes des citoyens et usagers.<\/p>\n<p>Pour sa part, le Secr\u00e9taire g\u00e9n\u00e9ral de la Ligue Arabe, Ahmed Abou El Gheit, a soulign\u00e9 l\u2019importance de cette Conf\u00e9rence dont les objectifs se croisent avec les pr\u00e9occupations des gouvernements des Etats arabes et des secteurs public et priv\u00e9 dans ces pays.<\/p>\n<p>Dans un message vid\u00e9o adress\u00e9 aux participants, il a aussi tenu \u00e0 adresser ses vifs remerciements et \u00e0 exprimer sa profonde gratitude au Royaume du Maroc, Roi, gouvernement et peuple, pour avoir accueilli les travaux de cette 19\u00e8 Conf\u00e9rence annuelle de l\u2019OADA, qui permet, a-t-il fait constater, de booster l\u2019action arabe commune, tout en saluant les responsables de cette Organisation arabe pour les efforts consentis pour assurer la continuit\u00e9 de la tenue de cet \u00e9v\u00e9nement.<\/p>\n<p>M. Abou El Gheit a, en outre, relev\u00e9 l\u2019importance de la th\u00e9matique arr\u00eat\u00e9e pour cette rencontre, qui est en phase avec les pr\u00e9occupations des gouvernements des pays arabes et occupe m\u00eame une place pr\u00e9pond\u00e9rante parmi les objectifs fix\u00e9s, les plans et strat\u00e9gies mis en place dans tous les domaines et \u00e0 tous les niveaux dans ces Etats.<\/p>\n<p>Notant que les Etats arabes font face au d\u00e9fi de la cr\u00e9ation d\u2019une infrastructure intelligente qui soit en phase avec tous les aspects du progr\u00e8s technologique, ses domaines d\u2019utilisation et les exigences de la mise en oeuvre des plans des ODD \u00e0 l\u2019horizon 2030, le responsable a \u00e9mis le voeu de voir les travaux de ce conclave aboutir \u00e0 la concr\u00e9tisation d\u2019une vision pratique et pertinente pour l\u2019instauration et l\u2019impl\u00e9mentation d\u2019une infrastructure intelligente qui soit utilis\u00e9e pour le renforcement de l\u2019infrastructure \u00e9conomique et sociale des Etats arabes, \u00e0 m\u00eame d\u2019\u00eatre une base solide et efficace pour la consolidation des efforts des gouvernements de ces pays en vue de la r\u00e9alisation des ODD.<\/p>\n<p>Cette c\u00e9r\u00e9monie d\u2019ouverture a \u00e9t\u00e9 marqu\u00e9e par la projection de deux films-documentaires. Le premier, intitul\u00e9 \u00ab\u00a0De Mascate \u00e0 Marrakech\u00a0\u00bb, a donn\u00e9 un aper\u00e7u sur les travaux de la 18\u00e8me Conf\u00e9rence annuelle de l\u2019OADA tenue au Sultanat d\u2019Oman en novembre 2018, sous le th\u00e8me \u00ab\u00a0Le r\u00f4le des gouvernements arabes dans la r\u00e9alisation des Objectifs de d\u00e9veloppement durable \u00e0 l\u2019horizon 2030\u00a0\u00bb, alors que le second a mis en avant les \u00ab\u00a0success stories\u00a0\u00bb et les grandes performances r\u00e9alis\u00e9es par le Maroc dans les diff\u00e9rents domaines et secteurs ainsi que les chantiers structurants gigantesques men\u00e9s sous le leadership \u00e9clair\u00e9 de SM le Roi Mohammed VI.<\/p>\n<p>Elle a \u00e9t\u00e9, aussi, ponctu\u00e9e de la remise de prix de reconnaissance par le Directeur g\u00e9n\u00e9ral de l\u2019OADA, Nasser Alhatlan Al-Qahtani, et le pr\u00e9sident de son Conseil ex\u00e9cutif et ministre saoudien du service civil, Sulaiman Bin Abdullah Al-Hamdan, \u00e0 MM. Mohamed Benabdelkader, ministre de la Justice et ancien ministre d\u00e9l\u00e9gu\u00e9 charg\u00e9 de la R\u00e9forme de l\u2019Administration et de la Fonction publique, pour ses efforts et son soutien aux activit\u00e9s et actions de l\u2019OADA, Mohamed Bencha\u00e2boun, ministre de l\u2019Economie, des Finances et de la R\u00e9forme de l\u2019Administration, et Ahmed Laamoumri, secr\u00e9taire g\u00e9n\u00e9ral du minist\u00e8re de l\u2019Economie, des Finances et de la R\u00e9forme de l\u2019Administration pour les efforts d\u00e9ploy\u00e9s pour l\u2019organisation et l\u2019accueil de cette Conf\u00e9rence \u00e0 Marrakech.<\/p>\n<p>Ce grand conclave de deux jours sera l\u2019occasion pour les diff\u00e9rents participants d\u2019examiner plusieurs questions se rapportant notamment aux exigences de l\u2019\u00e9tablissement et du fonctionnement de l\u2019infrastructure intelligente conform\u00e9ment \u00e0 la vision et aux objectifs des plans de d\u00e9veloppement durable \u00e0 l\u2019horizon 2030 dans les pays arabes, et \u00e0 l\u2019instauration des applications de l\u2019infrastructure intelligente pour le renforcement des opportunit\u00e9s du d\u00e9veloppement durable et la r\u00e9alisation de ses objectifs et de ses finalit\u00e9s dans les Etats arabes.<\/p>\n<p>Il permettra, \u00e9galement, d\u2019\u00e9changer sur les m\u00e9canismes \u00e0 m\u00eame de tirer parti des r\u00e9seaux d\u2019informations et de communication les plus d\u00e9velopp\u00e9s, de leurs applications, produits et services, publics et priv\u00e9s, afin d\u2019am\u00e9liorer l\u2019efficacit\u00e9 de la mise en \u0153uvre des plans et programmes de d\u00e9veloppement durable \u00e0 l\u2019horizon 2030 dans la r\u00e9gion arabe.<\/p>\n<p>Cette 19\u00e8 Conf\u00e9rence traitera, aussi, de la e-gouvernance pour accro\u00eetre l\u2019efficacit\u00e9 institutionnelle dans le but de r\u00e9aliser l\u2019Agenda 2030, ainsi que des options et sc\u00e9narios de l\u2019action arabe commune lors de l\u2019\u00e9laboration et de l\u2019extension du champ d\u2019information et de communication de l\u2019infrastructure intelligente et de son utilisation dans la mise en \u0153uvre des plans et programmes visant \u00e0 atteindre les ODD \u00e0 l\u2019horizon 2030.<\/p>\n<p>A noter que l\u2019OADA, cr\u00e9\u00e9e en 1961, est une organisation sp\u00e9cialis\u00e9e issue de la Ligue Arabe, qui a pour objectif le d\u00e9veloppement administratif dans les pays de la r\u00e9gion arabe.<\/p>\n<\/div>\n<p>Auteur: Meriem IGASS<br \/>\n<a href=\"http:\/\/www.mapmarrakech.ma\/fr\/oada\/\">Cliquez ici pour lire l&rsquo;article depuis sa source.<\/a><\/p>\n","protected":false},"excerpt":{"rendered":"<p>Plac\u00e9e sous le Haut Patronage de SM le Roi Mohammed VI, cette 19\u00e8 Conf\u00e9rence annuelle est initi\u00e9e par l\u2019OADA en coop\u00e9ration avec le minist\u00e8re de l\u2019Economie, des Finances et de la R\u00e9forme de l\u2019Administration, sous le th\u00e8me \u00ab\u00a0les pr\u00e9requis de l\u2019instauration des infrastructures intelligentes dans les pays arabes pour la r\u00e9alisation des Objectifs de D\u00e9veloppement [&hellip;]<\/p>\n","protected":false},"author":1788,"featured_media":0,"comment_status":"closed","ping_status":"closed","sticky":false,"template":"","format":"standard","meta":{"fifu_image_url":"","fifu_image_alt":"","footnotes":""},"categories":[54,76],"tags":[],"class_list":["post-64757","post","type-post","status-publish","format-standard","hentry","category-maroc","category-regions"],"_links":{"self":[{"href":"https:\/\/linitiative.ca\/International\/wp-json\/wp\/v2\/posts\/64757","targetHints":{"allow":["GET"]}}],"collection":[{"href":"https:\/\/linitiative.ca\/International\/wp-json\/wp\/v2\/posts"}],"about":[{"href":"https:\/\/linitiative.ca\/International\/wp-json\/wp\/v2\/types\/post"}],"author":[{"embeddable":true,"href":"https:\/\/linitiative.ca\/International\/wp-json\/wp\/v2\/users\/1788"}],"replies":[{"embeddable":true,"href":"https:\/\/linitiative.ca\/International\/wp-json\/wp\/v2\/comments?post=64757"}],"version-history":[{"count":0,"href":"https:\/\/linitiative.ca\/International\/wp-json\/wp\/v2\/posts\/64757\/revisions"}],"wp:attachment":[{"href":"https:\/\/linitiative.ca\/International\/wp-json\/wp\/v2\/media?parent=64757"}],"wp:term":[{"taxonomy":"category","embeddable":true,"href":"https:\/\/linitiative.ca\/International\/wp-json\/wp\/v2\/categories?post=64757"},{"taxonomy":"post_tag","embeddable":true,"href":"https:\/\/linitiative.ca\/International\/wp-json\/wp\/v2\/tags?post=64757"}],"curies":[{"name":"wp","href":"https:\/\/api.w.org\/{rel}","templated":true}]}}