{"id":64758,"date":"2019-10-18T09:16:41","date_gmt":"2019-10-18T13:16:41","guid":{"rendered":"https:\/\/linitiative.ca\/International\/textile-les-operateurs-appeles-a-miser-sur-le-produit-fini\/"},"modified":"2019-10-18T09:16:41","modified_gmt":"2019-10-18T13:16:41","slug":"textile-les-operateurs-appeles-a-miser-sur-le-produit-fini","status":"publish","type":"post","link":"https:\/\/linitiative.ca\/International\/textile-les-operateurs-appeles-a-miser-sur-le-produit-fini\/","title":{"rendered":"Textile: Les op\u00e9rateurs appel\u00e9s \u00e0 miser sur le produit fini"},"content":{"rendered":"<div readability=\"38\">\n<p>Marrakech \u2013 Les op\u00e9rateurs marocains du secteur du Textile-Habillement sont appel\u00e9s aujourd\u2019hui \u00e0 miser sur le produit fini, a soulign\u00e9 jeudi, \u00e0 Marrakech, le pr\u00e9sident de l\u2019Association marocaine des industries du textile et de l\u2019Habillement (AMITH), Mohamed Boubouh.<\/p>\n<\/div>\n<div readability=\"151\">\n<p>\u00ab\u00a0La tendance actuelle des grands march\u00e9s se caract\u00e9rise par une forte demande sur le produit fini\u00a0\u00bb, a-t-il ajout\u00e9 dans une d\u00e9claration \u00e0 la presse \u00e0 l\u2019occasion de l\u2019inauguration officielle \u00e0 Marrakech des deux salons du Textile-Habillement \u00ab\u00a0Maroc in mode\u00a0\u00bb et \u00ab\u00a0Maroc sourcing\u00a0\u00bb.<\/p>\n<p>Les op\u00e9rateurs \u00e9conomiques du secteur du Textile-Habillement sont oblig\u00e9s de faire ce passage l\u00e0 pour \u00eatre en mesure de suivre la demande du march\u00e9 et la demande des grandes marques de l\u2019habillement, a-t-il insist\u00e9, relevant que \u00ab\u00a0le secteur a besoin de locomotives qui doivent tirer et apporter du travail\u00a0\u00bb.<\/p>\n<p>Et de relever que le Maroc doit faire davantage d\u2019efforts en terme de formation notamment en ce qui concerne les fili\u00e8res du \u00ab\u00a0mod\u00e9lisme et stylisme\u00a0\u00bb afin de pouvoir suivre la tendance actuelle des grands march\u00e9s et faire face \u00e0 la rude concurrence mondiale.<\/p>\n<p>Au niveau du march\u00e9 local, le Maroc est appel\u00e9 \u00e0 continuer \u00e0 prot\u00e9ger le secteur du Textile-Habillement notamment contre les produits turcs du textile et de l\u2019habillement.<\/p>\n<p>Concernant ces deux salons, il a fait remarquer que toutes les r\u00e9gions du Maroc sont repr\u00e9sent\u00e9es dans ces salons avec une offre assez diversifi\u00e9e.<\/p>\n<p>Organis\u00e9s durant deux jours \u00e0 l\u2019initiative de l\u2019AMITH, les deux salons \u00ab\u00a0Maroc in mode &#038; Maroc Sourcing\u00a0\u00bb, ambitionnent d\u2019\u00eatre une plateforme de networking entre Industriels marocains op\u00e9rant dans les diff\u00e9rents maillons de la cha\u00eene de valeur textile en leur offrant un espace d\u2019\u00e9change et de rencontres.<\/p>\n<p>Am\u00e9nag\u00e9s sous un chapiteau de 4.000 m2, les deux salons sont d\u00e9clin\u00e9s en 5 \u00e9cosyst\u00e8mes, \u00e0 savoir le Fast Fashion, le Denim, la Maille, le Tailoring et les enseignes de distribution de marques marocaines.<\/p>\n<p>Outre le Maroc, cinq autres pays participeront \u00e0 ces deux manifestations \u00e0 savoir la France, pays d\u2019honneur, la Turquie, le Portugal, la Chine et le Pakistan, qui pr\u00e9sentent leurs produits en la pr\u00e9sence d\u2019enseignes de renomm\u00e9e.<\/p>\n<p>Au programme de cet \u00e9v\u00e9nement figurent, \u00e9galement, l\u2019organisation de plusieurs conf\u00e9rences et tables-rondes pour \u00e9changer et partager entre op\u00e9rateurs nationaux et internationaux sur les diff\u00e9rents sujets d\u2019actualit\u00e9, la situation et les \u00e9volutions des march\u00e9s, et sur la th\u00e9matique de responsabilit\u00e9 sociale et environnementale.<\/p>\n<p>La 17\u00e8 \u00e9dition de \u00ab\u00a0Maroc in mode\u00a0\u00bb, d\u00e9di\u00e9e \u00e0 l\u2019offre habillement marocaine, est une plateforme de r\u00e9f\u00e9rence visant \u00e0 pr\u00e9senter le savoir-faire et toute l\u2019\u00e9tendue de l\u2019offre de la fili\u00e8re habillement marocaine dans ses diff\u00e9rentes vari\u00e9t\u00e9s et diversit\u00e9s, ainsi que la cr\u00e9ativit\u00e9 et la capacit\u00e9 \u00e0 pr\u00e9senter des collections et des services de proximit\u00e9 d\u2019\u00e9thique, de savoir-faire et de comp\u00e9tences.<\/p>\n<p>La 16\u00e8 \u00e9dition de \u00ab\u00a0Maroc Sourcing\u00a0\u00bb est un salon d\u00e9di\u00e9 au Sourcing national et international. Son offre concerne toutes les activit\u00e9s qui contribuent \u00e0 la r\u00e9alisation d\u2019un v\u00eatement, de la mati\u00e8re premi\u00e8re en passant par le fil, les tissus, les accessoires, les fournitures et les services.<\/p>\n<p>L\u2019offre du salon concerne, \u00e9galement, toutes les activit\u00e9s qui contribuent \u00e0 la r\u00e9alisation d\u2019un v\u00eatement, de la mati\u00e8re premi\u00e8re en passant par le fil, les tissus, les accessoires, les fournitures et les services.<\/p>\n<p>Cette ann\u00e9e le concept du salon mettra l\u2019accent sur les Ecosyst\u00e8mes Mode Fast et Eco-Responsables, et ce pour pr\u00e9senter toutes les r\u00e9ponses pour le sourcing en Fast-Fashion en mode d\u00e9veloppement durable.<\/p>\n<p>Il ciblera, principalement, les acheteurs des enseignes et marques internationales, notamment d\u2019Allemagne, de Grande Bretagne, de France, d\u2019Italie, d\u2019Espagne et de Portugal.<\/p>\n<p>Ces deux salons connaissent la participation de 136 exposants avec une pr\u00e9sence d\u2019acteurs de l\u2019amont textile de Turquie, de Chine et du Pakistan.<\/p>\n<p>Le secteur du Textile-Habillement est l\u2019un des piliers de l\u2019industrie et de l\u2019\u00e9conomie marocaine avec 185.000 emplois (1er employeur industriel) et un chiffre d\u2019affaires \u00e0 l\u2019export de 38 milliards DH en 2018 (2\u00e8me exportateur industriel apr\u00e8s l\u2019industrie automobile).<\/p>\n<p>La strat\u00e9gie d\u00e9di\u00e9e \u00e0 ce secteur a pour objectifs \u00e0 l\u2019horizon 2020 la cr\u00e9ation de 100.000 emplois stables et la r\u00e9alisation d\u2019un chiffre d\u2019affaires additionnel \u00e0 l\u2019export de 5 milliards DH.<\/p>\n<p>Les r\u00e9sultats obtenus sont le fruit d\u2019une r\u00e9elle dynamique enclench\u00e9e depuis la signature des \u00e9cosyst\u00e8mes textiles en 2015 : 154 conventions d\u2019investissement sign\u00e9es (locomotives, PME) avec un investissement global de 4,9 milliards DHS et la cr\u00e9ation de 79.300 emplois.<\/p>\n<\/div>\n<p>Auteur: Meriem IGASS<br \/>\n<a href=\"http:\/\/www.mapmarrakech.ma\/fr\/amith\/\">Cliquez ici pour lire l&rsquo;article depuis sa source.<\/a><\/p>\n","protected":false},"excerpt":{"rendered":"<p>Marrakech \u2013 Les op\u00e9rateurs marocains du secteur du Textile-Habillement sont appel\u00e9s aujourd\u2019hui \u00e0 miser sur le produit fini, a soulign\u00e9 jeudi, \u00e0 Marrakech, le pr\u00e9sident de l\u2019Association marocaine des industries du textile et de l\u2019Habillement (AMITH), Mohamed Boubouh. \u00ab\u00a0La tendance actuelle des grands march\u00e9s se caract\u00e9rise par une forte demande sur le produit fini\u00a0\u00bb, a-t-il [&hellip;]<\/p>\n","protected":false},"author":1788,"featured_media":0,"comment_status":"closed","ping_status":"closed","sticky":false,"template":"","format":"standard","meta":{"fifu_image_url":"","fifu_image_alt":"","footnotes":""},"categories":[54,76],"tags":[],"class_list":["post-64758","post","type-post","status-publish","format-standard","hentry","category-maroc","category-regions"],"_links":{"self":[{"href":"https:\/\/linitiative.ca\/International\/wp-json\/wp\/v2\/posts\/64758","targetHints":{"allow":["GET"]}}],"collection":[{"href":"https:\/\/linitiative.ca\/International\/wp-json\/wp\/v2\/posts"}],"about":[{"href":"https:\/\/linitiative.ca\/International\/wp-json\/wp\/v2\/types\/post"}],"author":[{"embeddable":true,"href":"https:\/\/linitiative.ca\/International\/wp-json\/wp\/v2\/users\/1788"}],"replies":[{"embeddable":true,"href":"https:\/\/linitiative.ca\/International\/wp-json\/wp\/v2\/comments?post=64758"}],"version-history":[{"count":0,"href":"https:\/\/linitiative.ca\/International\/wp-json\/wp\/v2\/posts\/64758\/revisions"}],"wp:attachment":[{"href":"https:\/\/linitiative.ca\/International\/wp-json\/wp\/v2\/media?parent=64758"}],"wp:term":[{"taxonomy":"category","embeddable":true,"href":"https:\/\/linitiative.ca\/International\/wp-json\/wp\/v2\/categories?post=64758"},{"taxonomy":"post_tag","embeddable":true,"href":"https:\/\/linitiative.ca\/International\/wp-json\/wp\/v2\/tags?post=64758"}],"curies":[{"name":"wp","href":"https:\/\/api.w.org\/{rel}","templated":true}]}}