{"id":64759,"date":"2019-10-18T10:29:31","date_gmt":"2019-10-18T14:29:31","guid":{"rendered":"https:\/\/linitiative.ca\/International\/tourisme-les-conseils-se-mobilisent-pour-agir-ensemble\/"},"modified":"2019-10-18T10:29:31","modified_gmt":"2019-10-18T14:29:31","slug":"tourisme-les-conseils-se-mobilisent-pour-agir-ensemble","status":"publish","type":"post","link":"https:\/\/linitiative.ca\/International\/tourisme-les-conseils-se-mobilisent-pour-agir-ensemble\/","title":{"rendered":"Tourisme: Les Conseils se mobilisent pour agir ensemble"},"content":{"rendered":"<div class=\"single-featured\"><img alt=\"\" data-src=\"http:\/\/www.mapmarrakech.ma\/map\/uploads\/2019\/10\/reunioncrt-copier.jpg\"\/><\/div>\n<div class=\"single-post-excerpt post-excerpt-bc\" readability=\"37\">\n<p>Marrakech \u2013 Les repr\u00e9sentants des Conseils Provinciaux du Tourisme de la R\u00e9gion Marrakech-Safi ont tenu r\u00e9cemment, \u00e0 la cit\u00e9 ocre, une r\u00e9union d\u2019\u00e9changes et de concertation avec les responsables du Conseil r\u00e9gional du tourisme (CRT) avec comme objectif de se mobiliser pour agir ensemble.<\/p>\n<\/div>\n<div class=\"entry-content clearfix single-post-content\" readability=\"62\">\n<p>Tenue en pr\u00e9sence du pr\u00e9sident du CRT de Marrakech Safi, Hamid Bentahar et des Pr\u00e9sidents et les repr\u00e9sentants des Conseils Provinciaux du Tourisme d\u2019Al Haouz, Essaouira, Safi, Rhamana, Chichoua et El Kelaa des Sraghna, en plus de la d\u00e9l\u00e9gu\u00e9e r\u00e9gionale du minist\u00e8re du Tourisme et le Pr\u00e9sident de l\u2019Association R\u00e9gionale des Agences de Voyages de Marrakech-Safi (ARAVMS), cette r\u00e9union vise \u00e0 cr\u00e9er une synergie entre les diff\u00e9rents territoires touristiques de la R\u00e9gion en mettant en avant les potentialit\u00e9s naturelles, culturelles et touristiques de chaque province.<\/p>\n<p>En plus de la ville de Marrakech, locomotive du tourisme r\u00e9gional et national, chaque province de cette r\u00e9gion est unique par sa position g\u00e9ographique et ses atouts touristiques: Al Haouz, la montagne, Essaouira et Safi, le baln\u00e9aire, Rhamna et El Kelaa et Chichaoua par la diversit\u00e9 de leur paysage et la richesse de leur patrimoine socio-culturel, ce qui fait des provinces de Marrakech-Safi, des r\u00e9gions compl\u00e9mentaires au niveau touristique.<\/p>\n<p>A l\u2019issue de cette rencontre, il a \u00e9t\u00e9 convenu de privil\u00e9gier l\u2019approche de communication digitale \u00e0 travers le site \u00ab\u00a0visitmarrakech.ma\u00a0\u00bb en s\u2019appuyant sur de nouveaux visuels avec une nouvelle approche afin de r\u00e9inventer l\u2019exp\u00e9rience client et promouvoir le tourisme rural \u00e0 travers la cr\u00e9ation de nouveaux itin\u00e9raires labellis\u00e9s \u00ab\u00a0montagne\/d\u00e9sert\/littoral\u00a0\u00bb.<\/p>\n<\/div>\n<p>Auteur: Meriem IGASS<br \/>\n<a href=\"http:\/\/www.mapmarrakech.ma\/fr\/tourisme\/\">Cliquez ici pour lire l&rsquo;article depuis sa source.<\/a><\/p>\n","protected":false},"excerpt":{"rendered":"<p>Marrakech \u2013 Les repr\u00e9sentants des Conseils Provinciaux du Tourisme de la R\u00e9gion Marrakech-Safi ont tenu r\u00e9cemment, \u00e0 la cit\u00e9 ocre, une r\u00e9union d\u2019\u00e9changes et de concertation avec les responsables du Conseil r\u00e9gional du tourisme (CRT) avec comme objectif de se mobiliser pour agir ensemble. Tenue en pr\u00e9sence du pr\u00e9sident du CRT de Marrakech Safi, Hamid [&hellip;]<\/p>\n","protected":false},"author":1788,"featured_media":64760,"comment_status":"closed","ping_status":"closed","sticky":false,"template":"","format":"standard","meta":{"fifu_image_url":"","fifu_image_alt":"","footnotes":""},"categories":[54,76],"tags":[],"class_list":["post-64759","post","type-post","status-publish","format-standard","has-post-thumbnail","hentry","category-maroc","category-regions"],"_links":{"self":[{"href":"https:\/\/linitiative.ca\/International\/wp-json\/wp\/v2\/posts\/64759","targetHints":{"allow":["GET"]}}],"collection":[{"href":"https:\/\/linitiative.ca\/International\/wp-json\/wp\/v2\/posts"}],"about":[{"href":"https:\/\/linitiative.ca\/International\/wp-json\/wp\/v2\/types\/post"}],"author":[{"embeddable":true,"href":"https:\/\/linitiative.ca\/International\/wp-json\/wp\/v2\/users\/1788"}],"replies":[{"embeddable":true,"href":"https:\/\/linitiative.ca\/International\/wp-json\/wp\/v2\/comments?post=64759"}],"version-history":[{"count":0,"href":"https:\/\/linitiative.ca\/International\/wp-json\/wp\/v2\/posts\/64759\/revisions"}],"wp:featuredmedia":[{"embeddable":true,"href":"https:\/\/linitiative.ca\/International\/wp-json\/"}],"wp:attachment":[{"href":"https:\/\/linitiative.ca\/International\/wp-json\/wp\/v2\/media?parent=64759"}],"wp:term":[{"taxonomy":"category","embeddable":true,"href":"https:\/\/linitiative.ca\/International\/wp-json\/wp\/v2\/categories?post=64759"},{"taxonomy":"post_tag","embeddable":true,"href":"https:\/\/linitiative.ca\/International\/wp-json\/wp\/v2\/tags?post=64759"}],"curies":[{"name":"wp","href":"https:\/\/api.w.org\/{rel}","templated":true}]}}