{"id":64772,"date":"2019-10-18T13:35:07","date_gmt":"2019-10-18T17:35:07","guid":{"rendered":"https:\/\/linitiative.ca\/International\/95872-chan-2020-maroc-algerie-les-verts-au-grand-complet-a-24-h-d-un-rendez-vous-decisif\/"},"modified":"2019-10-18T13:35:07","modified_gmt":"2019-10-18T17:35:07","slug":"95872-chan-2020-maroc-algerie-les-verts-au-grand-complet-a-24-h-d-un-rendez-vous-decisif","status":"publish","type":"post","link":"https:\/\/linitiative.ca\/International\/95872-chan-2020-maroc-algerie-les-verts-au-grand-complet-a-24-h-d-un-rendez-vous-decisif\/","title":{"rendered":"CHAN-2020\/Maroc-Alg\u00e9rie: les Verts au grand complet \u00e0 24 h d&rsquo;un rendez-vous d\u00e9cisif"},"content":{"rendered":"<div readability=\"38\">\n<p><strong>ALGER &#8211; L&rsquo;\u00e9quipe nationale des joueurs locaux s&rsquo;est entrain\u00e9e jeudi \u00e0 Sa\u00efdia (Maroc) avec un groupe au complet, \u00e0 24 heures du match face au pays h\u00f4te, samedi au stade municipal de Berkane (20h00), dans le cadre de la seconde manche qualificative au Championnat d&rsquo;Afrique des nations CHAN-2020 au Cameroun.<\/strong><\/p>\n<\/div>\n<div readability=\"61.5421152628\">\n<p>\u00ab\u00a0L\u2019entra\u00eenement a dur\u00e9 une heure et demi en pr\u00e9sence de tout le groupe de joueurs qui ont r\u00e9pondu \u00e0 la lettre aux diff\u00e9rentes consignes et exercices du staff technique qui ont cl\u00f4tur\u00e9 la s\u00e9ance par une mise en place tactique et une s\u00e9rie de tirs au but\u00a0\u00bb, a indiqu\u00e9 la <strong><a href=\"http:\/\/www.faf.dz\/eliminatoires-du-chan-total-2020-les-verts-au-grand-complet-a-lentrainement\/\" target=\"_blank\" rel=\"noopener noreferrer\">FAF<\/a><\/strong> vendredi publi\u00e9 sur son site officiel.<\/p>\n<p>La d\u00e9l\u00e9gation alg\u00e9rienne qui comprend 23 joueurs,\u00a0 a ralli\u00e9 jeudi le Maroc pour disputer le match retour, moins d&rsquo;un mois apr\u00e8s la premi\u00e8re manche disput\u00e9e au stade Mustapha-Tchaker de Blida (0-0).<\/p>\n<p>\u00ab\u00a0Le programme de ce vendredi comprend notamment une s\u00e9ance vid\u00e9o \u00e0 18h30 avant le d\u00e9part vers le stade communal de la ville de Berkane\u00a0\u00bb, pour l&rsquo;ultime s\u00e9ance d&rsquo;entrainement pr\u00e9vue \u00e0 l&rsquo;heure du match, pr\u00e9cise la m\u00eame source.<\/p>\n<hr\/>\n<h3>Lire aussi:\u00a0<a href=\"http:\/\/www.aps.dz\/sport\/95853-chan-2020-qualifications-retour-maroc-algerie-les-verts-face-a-leur-destin\" target=\"_blank\" rel=\"noopener noreferrer\">CHAN-2020 (Qualifications-retour)\/Maroc-Alg\u00e9rie: les \u00ab\u00a0Verts\u00a0\u00bb face \u00e0 leur destin<\/a><\/h3>\n<hr\/>\n<p>En pr\u00e9vision de cette rencontre les joueurs du s\u00e9lectionner fran\u00e7ais de Ludovic Batelli ont effectu\u00e9 un stage \u00e0 Sidi Moussa qui a pris fin mercredi avec une ultime s\u00e9ance d&rsquo;entrainement. Les membres du staff de la s\u00e9lection A ont rejoint le groupe \u00e0 partir de Lille, au lendemain du match amical contre la Colombie (3-0).<\/p>\n<p>Le match retour Maroc-Alg\u00e9rie se jouera \u00e0 guichets ferm\u00e9s apr\u00e8s \u00e9puisement des billets mis en vente aussi bien dans les guichets que sur internet \u00e0 travers le portail \u00e9lectronique frmf.ma.<\/p>\n<p>Dans l&rsquo;autre match des qualifications de la Zone 1, la Tunisie, vainqueur \u00e0 l&rsquo;aller \u00e0 domicile de la Libye (1-0), abordera la seconde manche, pr\u00e9vue dimanche au Maroc, avec une petite option.<\/p>\n<\/div>\n<p>Auteur:<br \/>\n<a href=\"http:\/\/www.aps.dz\/sport\/95872-chan-2020-maroc-algerie-les-verts-au-grand-complet-a-24-h-d-un-rendez-vous-decisif?utm_source=feedburner&#038;utm_medium=feed&#038;utm_campaign=Feed%3A+aps-sport+%28APS+-+SPORT%29\">Cliquez ici pour lire l&rsquo;article depuis sa source.<\/a><\/p>\n","protected":false},"excerpt":{"rendered":"<p>ALGER &#8211; L&rsquo;\u00e9quipe nationale des joueurs locaux s&rsquo;est entrain\u00e9e jeudi \u00e0 Sa\u00efdia (Maroc) avec un groupe au complet, \u00e0 24 heures du match face au pays h\u00f4te, samedi au stade municipal de Berkane (20h00), dans le cadre de la seconde manche qualificative au Championnat d&rsquo;Afrique des nations CHAN-2020 au Cameroun. \u00ab\u00a0L\u2019entra\u00eenement a dur\u00e9 une heure [&hellip;]<\/p>\n","protected":false},"author":1790,"featured_media":0,"comment_status":"closed","ping_status":"closed","sticky":false,"template":"","format":"standard","meta":{"fifu_image_url":"","fifu_image_alt":"","footnotes":""},"categories":[53,75],"tags":[],"class_list":["post-64772","post","type-post","status-publish","format-standard","hentry","category-algerie","category-sport"],"_links":{"self":[{"href":"https:\/\/linitiative.ca\/International\/wp-json\/wp\/v2\/posts\/64772","targetHints":{"allow":["GET"]}}],"collection":[{"href":"https:\/\/linitiative.ca\/International\/wp-json\/wp\/v2\/posts"}],"about":[{"href":"https:\/\/linitiative.ca\/International\/wp-json\/wp\/v2\/types\/post"}],"author":[{"embeddable":true,"href":"https:\/\/linitiative.ca\/International\/wp-json\/wp\/v2\/users\/1790"}],"replies":[{"embeddable":true,"href":"https:\/\/linitiative.ca\/International\/wp-json\/wp\/v2\/comments?post=64772"}],"version-history":[{"count":0,"href":"https:\/\/linitiative.ca\/International\/wp-json\/wp\/v2\/posts\/64772\/revisions"}],"wp:attachment":[{"href":"https:\/\/linitiative.ca\/International\/wp-json\/wp\/v2\/media?parent=64772"}],"wp:term":[{"taxonomy":"category","embeddable":true,"href":"https:\/\/linitiative.ca\/International\/wp-json\/wp\/v2\/categories?post=64772"},{"taxonomy":"post_tag","embeddable":true,"href":"https:\/\/linitiative.ca\/International\/wp-json\/wp\/v2\/tags?post=64772"}],"curies":[{"name":"wp","href":"https:\/\/api.w.org\/{rel}","templated":true}]}}