{"id":64776,"date":"2019-10-18T12:43:00","date_gmt":"2019-10-18T16:43:00","guid":{"rendered":"https:\/\/linitiative.ca\/International\/levee-dimmunite-de-ali-talbi-et-ahmed-ouraghi-la-commission-juridique-du-senat-examine-les-procedures\/"},"modified":"2019-10-18T12:43:00","modified_gmt":"2019-10-18T16:43:00","slug":"levee-dimmunite-de-ali-talbi-et-ahmed-ouraghi-la-commission-juridique-du-senat-examine-les-procedures","status":"publish","type":"post","link":"https:\/\/linitiative.ca\/International\/levee-dimmunite-de-ali-talbi-et-ahmed-ouraghi-la-commission-juridique-du-senat-examine-les-procedures\/","title":{"rendered":"LEVEE D\u2019IMMUNITE DE ALI TALBI ET AHMED OURAGHI : La Commission juridique du S\u00e9nat examine les proc\u00e9dures"},"content":{"rendered":"<p><br id=\"sep_para_1\" class=\"sep_para access\"\/><\/p>\n<div id=\"para_1\" class=\"para_33561706 resize\">\n<div class=\"texte access firstletter\">La commission des affaires juridiques du conseil de la nation a tenu ce jeudi 17 octobre 2019, une r\u00e9union pr\u00e9sid\u00e9e par Noureddine Bellatrache, pr\u00e9sident de la commission, consacr\u00e9e \u00e0 l\u2019examen de la proc\u00e9dure de lev\u00e9e d\u2019immunit\u00e9 parlementaire des deux s\u00e9nateurs. La commission des affaires juridiques, administratives, des droits de l\u2019homme, de l\u2019organisation locale, de l\u2019am\u00e9nagement du territoire et du d\u00e9coupage territorial du conseil de la nation a tenu une r\u00e9union ce jeudi 17 octobre 2019, pour l\u2019examen de la demande du ministre de la justice, garde des sceaux portant activation de la proc\u00e9dure de lev\u00e9e d\u2019immunit\u00e9 parlementaire des deux membres du conseil de la nation, Ali Talbi et Ahmed Ouraghi, a annonc\u00e9 le conseil sur sa page facebook. Lors de cette r\u00e9union, la commission a entendu le s\u00e9nateur, Ali Talbi. Concernant Ahmed Ouraghi, ladite commission a \u00e9puis\u00e9 les proc\u00e9dures de la lev\u00e9e de son immunit\u00e9 parlementaire et a pr\u00e9par\u00e9 son rapport, pr\u00e9cise la m\u00eame source. Les rapports concernant la lev\u00e9e d\u2019immunit\u00e9 parlementaire des deux s\u00e9nateurs ont \u00e9t\u00e9 soumis au bureau du conseil, ajoute la m\u00eame source.\u00a0\u00a0\u00a0\u00a0\u00a0\u00a0\u00a0\u00a0\u00a0\u00a0\u00a0<\/div>\n<\/div>\n<p>Auteur: Ismain<br \/>\n<a href=\"https:\/\/www.reflexiondz.net\/LEVEE-D-IMMUNITE-DE-ALI-TALBI-ET-AHMED-OURAGHI-La-Commission-juridique-du-Senat-examine-les-procedures_a58286.html\">Cliquez ici pour lire l&rsquo;article depuis sa source.<\/a><\/p>\n","protected":false},"excerpt":{"rendered":"<p>La commission des affaires juridiques du conseil de la nation a tenu ce jeudi 17 octobre 2019, une r\u00e9union pr\u00e9sid\u00e9e par Noureddine Bellatrache, pr\u00e9sident de la commission, consacr\u00e9e \u00e0 l\u2019examen de la proc\u00e9dure de lev\u00e9e d\u2019immunit\u00e9 parlementaire des deux s\u00e9nateurs. La commission des affaires juridiques, administratives, des droits de l\u2019homme, de l\u2019organisation locale, de l\u2019am\u00e9nagement [&hellip;]<\/p>\n","protected":false},"author":1740,"featured_media":0,"comment_status":"closed","ping_status":"closed","sticky":false,"template":"","format":"standard","meta":{"fifu_image_url":"","fifu_image_alt":"","footnotes":""},"categories":[53,76],"tags":[],"class_list":["post-64776","post","type-post","status-publish","format-standard","hentry","category-algerie","category-regions"],"_links":{"self":[{"href":"https:\/\/linitiative.ca\/International\/wp-json\/wp\/v2\/posts\/64776","targetHints":{"allow":["GET"]}}],"collection":[{"href":"https:\/\/linitiative.ca\/International\/wp-json\/wp\/v2\/posts"}],"about":[{"href":"https:\/\/linitiative.ca\/International\/wp-json\/wp\/v2\/types\/post"}],"author":[{"embeddable":true,"href":"https:\/\/linitiative.ca\/International\/wp-json\/wp\/v2\/users\/1740"}],"replies":[{"embeddable":true,"href":"https:\/\/linitiative.ca\/International\/wp-json\/wp\/v2\/comments?post=64776"}],"version-history":[{"count":0,"href":"https:\/\/linitiative.ca\/International\/wp-json\/wp\/v2\/posts\/64776\/revisions"}],"wp:attachment":[{"href":"https:\/\/linitiative.ca\/International\/wp-json\/wp\/v2\/media?parent=64776"}],"wp:term":[{"taxonomy":"category","embeddable":true,"href":"https:\/\/linitiative.ca\/International\/wp-json\/wp\/v2\/categories?post=64776"},{"taxonomy":"post_tag","embeddable":true,"href":"https:\/\/linitiative.ca\/International\/wp-json\/wp\/v2\/tags?post=64776"}],"curies":[{"name":"wp","href":"https:\/\/api.w.org\/{rel}","templated":true}]}}