{"id":64777,"date":"2019-10-18T12:43:00","date_gmt":"2019-10-18T16:43:00","guid":{"rendered":"https:\/\/linitiative.ca\/International\/bordj-badji-mokhtar-decouverte-dune-cache-darmes-et-de-munitions\/"},"modified":"2019-10-18T12:43:00","modified_gmt":"2019-10-18T16:43:00","slug":"bordj-badji-mokhtar-decouverte-dune-cache-darmes-et-de-munitions","status":"publish","type":"post","link":"https:\/\/linitiative.ca\/International\/bordj-badji-mokhtar-decouverte-dune-cache-darmes-et-de-munitions\/","title":{"rendered":"BORDJ BADJI MOKHTAR : D\u00e9couverte d\u2019une cache d&rsquo;armes et de munitions"},"content":{"rendered":"<p><br id=\"sep_para_1\" class=\"sep_para access\"\/><\/p>\n<div id=\"para_1\" class=\"para_33561689 resize\">\n<div class=\"texte access firstletter\">Une cache d\u2019armes et de munitions a \u00e9t\u00e9 d\u00e9couverte \u00e0 Bordj Badji Mokhtar, par un d\u00e9tachement de l&rsquo;Arm\u00e9e nationale, a indiqu\u00e9 ce jeudi un communiqu\u00e9 du minist\u00e8re de la D\u00e9fense nationale, qui fait part aussi de la destruction, par d&rsquo;autres \u00e9l\u00e9ments de l&rsquo;ANP d&rsquo;une bombe de confection artisanale \u00e0 Batna. \u00ab\u00a0Dans le cadre de la lutte antiterroriste et gr\u00e2ce \u00e0 l\u2019exploitation de renseignements, et lors d\u2019une op\u00e9ration de fouille et de recherches men\u00e9e \u00e0 Bordj Badji Mokhtar (6\u00e8me R\u00e9gion militaire), un d\u00e9tachement de l\u2019Arm\u00e9e nationale populaire a d\u00e9couvert, le 16 octobre 2019, une cache d\u2019armes et de munitions contenant un (01) fusil \u00e0 r\u00e9p\u00e9tition, (20) fus\u00e9es pour obus de mortier de calibre 82 mm, une quantit\u00e9 de munitions s\u2019\u00e9levant \u00e0\u00a0 (248) balles, ainsi que (25) kilogrammes d\u2019ammoniac servant dans la pr\u00e9paration d\u2019explosifs et deux (02) appareils de communication \u00e9metteur-r\u00e9cepteur, pr\u00e9cise la m\u00eame source. Un autre d\u00e9tachement de l\u2019ANP a d\u00e9truit, une (01) bombe de confection artisanale, dans la localit\u00e9 de Theniat El Hamra, commune de Larba\u00e2, wilaya de Batna (5\u00e8me RM)\u00a0\u00bb, est-il ajout\u00e9.\u00a0\u00a0\u00a0\u00a0\u00a0\u00a0\u00a0\u00a0<\/div>\n<\/div>\n<p>Auteur: Nadine<br \/>\n<a href=\"https:\/\/www.reflexiondz.net\/BORDJ-BADJI-MOKHTAR-Decouverte-d-une-cache-d-armes-et-de-munitions_a58284.html\">Cliquez ici pour lire l&rsquo;article depuis sa source.<\/a><\/p>\n","protected":false},"excerpt":{"rendered":"<p>Une cache d\u2019armes et de munitions a \u00e9t\u00e9 d\u00e9couverte \u00e0 Bordj Badji Mokhtar, par un d\u00e9tachement de l&rsquo;Arm\u00e9e nationale, a indiqu\u00e9 ce jeudi un communiqu\u00e9 du minist\u00e8re de la D\u00e9fense nationale, qui fait part aussi de la destruction, par d&rsquo;autres \u00e9l\u00e9ments de l&rsquo;ANP d&rsquo;une bombe de confection artisanale \u00e0 Batna. \u00ab\u00a0Dans le cadre de la [&hellip;]<\/p>\n","protected":false},"author":1740,"featured_media":0,"comment_status":"closed","ping_status":"closed","sticky":false,"template":"","format":"standard","meta":{"fifu_image_url":"","fifu_image_alt":"","footnotes":""},"categories":[53,76],"tags":[],"class_list":["post-64777","post","type-post","status-publish","format-standard","hentry","category-algerie","category-regions"],"_links":{"self":[{"href":"https:\/\/linitiative.ca\/International\/wp-json\/wp\/v2\/posts\/64777","targetHints":{"allow":["GET"]}}],"collection":[{"href":"https:\/\/linitiative.ca\/International\/wp-json\/wp\/v2\/posts"}],"about":[{"href":"https:\/\/linitiative.ca\/International\/wp-json\/wp\/v2\/types\/post"}],"author":[{"embeddable":true,"href":"https:\/\/linitiative.ca\/International\/wp-json\/wp\/v2\/users\/1740"}],"replies":[{"embeddable":true,"href":"https:\/\/linitiative.ca\/International\/wp-json\/wp\/v2\/comments?post=64777"}],"version-history":[{"count":0,"href":"https:\/\/linitiative.ca\/International\/wp-json\/wp\/v2\/posts\/64777\/revisions"}],"wp:attachment":[{"href":"https:\/\/linitiative.ca\/International\/wp-json\/wp\/v2\/media?parent=64777"}],"wp:term":[{"taxonomy":"category","embeddable":true,"href":"https:\/\/linitiative.ca\/International\/wp-json\/wp\/v2\/categories?post=64777"},{"taxonomy":"post_tag","embeddable":true,"href":"https:\/\/linitiative.ca\/International\/wp-json\/wp\/v2\/tags?post=64777"}],"curies":[{"name":"wp","href":"https:\/\/api.w.org\/{rel}","templated":true}]}}