{"id":64780,"date":"2019-10-18T12:46:00","date_gmt":"2019-10-18T16:46:00","guid":{"rendered":"https:\/\/linitiative.ca\/International\/cevital-ne-parle-plus-de-son-patron-rebrab\/"},"modified":"2019-10-18T12:46:00","modified_gmt":"2019-10-18T16:46:00","slug":"cevital-ne-parle-plus-de-son-patron-rebrab","status":"publish","type":"post","link":"https:\/\/linitiative.ca\/International\/cevital-ne-parle-plus-de-son-patron-rebrab\/","title":{"rendered":"Cevital ne parle plus  de son patron Rebrab !"},"content":{"rendered":"<p><br id=\"sep_para_1\" class=\"sep_para access\"\/><\/p>\n<div id=\"para_1\" class=\"para_33561721 resize\">\n<div class=\"texte access firstletter\">Ce silence autour de l\u2019incarc\u00e9ration du patron de Cevital contraste parfaitement avec le bruit fait autour des oligarques du clan Bouteflika, \u00e0 l\u2019instar de Ali Haddad, Mahieddine Tahkout et les fr\u00e8res Kouninef. M\u00eame le comit\u00e9 de soutien aux travailleurs de Cevital, n\u00e9 \u00e0 la suite des blocages que l\u2019entreprise subit depuis quelques ann\u00e9es, ne donne plus signe de vie. Pourtant, c\u2019est ce comit\u00e9 qui a organis\u00e9 la manifestation du 4 mai \u00e0 B\u00e9ja\u00efa, en Kabylie. Ce collectif dirig\u00e9 par un jeune cadre de l\u2019entreprise, Mourad Bouzidi, n\u2019intervient plus ni dans les m\u00e9dias ni sur les r\u00e9seaux sociaux. Pourtant, \u00e0 l\u2019\u00e9poque, m\u00eame la JSK a appel\u00e9 \u00e0 une marche de soutien \u00e0 Rebrab. La seule fois o\u00f9 l\u2019entreprise a r\u00e9agi, c\u2019est quand elle a r\u00e9pondu \u00e0 un article du quotidien arabophone El Khabar, qui a mis Issad Rebrab et Cevital parmi les oligarques et les \u00ab entreprises oligarchiques \u00bb. L\u2019article a m\u00eame pr\u00e9sent\u00e9 Issad Rebrab comme faisant partie de la \u00ab ploutocratie \u00bb de l\u2019\u00e8re Bouteflika. C\u2019\u00e9tait en ao\u00fbt et c\u2019\u00e9tait une occasion pour Cevital de rappeler que l\u2019entreprise et son PDG \u00e9taient les grandes victimes de l\u2019\u00e8re Bouteflika.<\/div>\n<\/div>\n<p>Auteur: R\u00e9flexion<br \/>\n<a href=\"https:\/\/www.reflexiondz.net\/Cevital-ne-parle-plus-de-son-patron-Rebrab-_a58289.html\">Cliquez ici pour lire l&rsquo;article depuis sa source.<\/a><\/p>\n","protected":false},"excerpt":{"rendered":"<p>Ce silence autour de l\u2019incarc\u00e9ration du patron de Cevital contraste parfaitement avec le bruit fait autour des oligarques du clan Bouteflika, \u00e0 l\u2019instar de Ali Haddad, Mahieddine Tahkout et les fr\u00e8res Kouninef. M\u00eame le comit\u00e9 de soutien aux travailleurs de Cevital, n\u00e9 \u00e0 la suite des blocages que l\u2019entreprise subit depuis quelques ann\u00e9es, ne donne [&hellip;]<\/p>\n","protected":false},"author":1740,"featured_media":0,"comment_status":"closed","ping_status":"closed","sticky":false,"template":"","format":"standard","meta":{"fifu_image_url":"","fifu_image_alt":"","footnotes":""},"categories":[53,76],"tags":[],"class_list":["post-64780","post","type-post","status-publish","format-standard","hentry","category-algerie","category-regions"],"_links":{"self":[{"href":"https:\/\/linitiative.ca\/International\/wp-json\/wp\/v2\/posts\/64780","targetHints":{"allow":["GET"]}}],"collection":[{"href":"https:\/\/linitiative.ca\/International\/wp-json\/wp\/v2\/posts"}],"about":[{"href":"https:\/\/linitiative.ca\/International\/wp-json\/wp\/v2\/types\/post"}],"author":[{"embeddable":true,"href":"https:\/\/linitiative.ca\/International\/wp-json\/wp\/v2\/users\/1740"}],"replies":[{"embeddable":true,"href":"https:\/\/linitiative.ca\/International\/wp-json\/wp\/v2\/comments?post=64780"}],"version-history":[{"count":0,"href":"https:\/\/linitiative.ca\/International\/wp-json\/wp\/v2\/posts\/64780\/revisions"}],"wp:attachment":[{"href":"https:\/\/linitiative.ca\/International\/wp-json\/wp\/v2\/media?parent=64780"}],"wp:term":[{"taxonomy":"category","embeddable":true,"href":"https:\/\/linitiative.ca\/International\/wp-json\/wp\/v2\/categories?post=64780"},{"taxonomy":"post_tag","embeddable":true,"href":"https:\/\/linitiative.ca\/International\/wp-json\/wp\/v2\/tags?post=64780"}],"curies":[{"name":"wp","href":"https:\/\/api.w.org\/{rel}","templated":true}]}}